{"id":45426,"date":"2011-02-10T10:39:00","date_gmt":"2011-02-10T09:39:00","guid":{"rendered":"https:\/\/tejasborja.com\/extrem-ker-tb-flat-se-presenta-en-cevisama-2011\/"},"modified":"2024-11-26T16:12:59","modified_gmt":"2024-11-26T15:12:59","slug":"extrem-ker-tb-flat-se-presenta-en-cevisama-2011","status":"publish","type":"post","link":"https:\/\/tejasborja.com\/en\/extrem-ker-tb-flat-se-presenta-en-cevisama-2011\/","title":{"rendered":"EXTREM-KER: TB-Flat presented in Cevisama 2011 Trade Fair."},"content":{"rendered":"\n<div id=\"Slider-block_fdd01cf045fa02cab8479b61da7bc0a8\" class=\"Slider producto normal-top\" style=\"background-color: \">\n\n            <div class=\"container\">\n            <div class=\"row\">\n                <div class=\"col-12\">\n                    <div class=\"swiper swiperImage\">\n                        <div class=\"swiper-wrapper\">\n                                                            <div class=\"swiper-slide\">\n                                    <a href=\"https:\/\/tejasborja.com\/wp-content\/uploads\/2024\/11\/acabados_EXTREM-KER.jpg\" class=\"image\" data-lightbox=\"image-Slider-block_fdd01cf045fa02cab8479b61da7bc0a8\">\n                                        <img decoding=\"async\" data-src=\"https:\/\/tejasborja.com\/wp-content\/uploads\/2024\/11\/acabados_EXTREM-KER.jpg\" alt=\"\" src=\"data:image\/svg+xml;base64,PHN2ZyB3aWR0aD0iMSIgaGVpZ2h0PSIxIiB4bWxucz0iaHR0cDovL3d3dy53My5vcmcvMjAwMC9zdmciPjwvc3ZnPg==\" class=\"lazyload\" style=\"--smush-placeholder-width: 448px; --smush-placeholder-aspect-ratio: 448\/65;\" \/>\n                                    <\/a>\n                                <\/div>\n                                                            <div class=\"swiper-slide\">\n                                    <a href=\"https:\/\/tejasborja.com\/wp-content\/uploads\/2024\/11\/CEVISAMA_2011.jpg\" class=\"image\" data-lightbox=\"image-Slider-block_fdd01cf045fa02cab8479b61da7bc0a8\">\n                                        <img decoding=\"async\" data-src=\"https:\/\/tejasborja.com\/wp-content\/uploads\/2024\/11\/CEVISAMA_2011.jpg\" alt=\"\" src=\"data:image\/svg+xml;base64,PHN2ZyB3aWR0aD0iMSIgaGVpZ2h0PSIxIiB4bWxucz0iaHR0cDovL3d3dy53My5vcmcvMjAwMC9zdmciPjwvc3ZnPg==\" class=\"lazyload\" style=\"--smush-placeholder-width: 220px; --smush-placeholder-aspect-ratio: 220\/165;\" \/>\n                                    <\/a>\n                                <\/div>\n                                                            <div class=\"swiper-slide\">\n                                    <a href=\"https:\/\/tejasborja.com\/wp-content\/uploads\/2024\/11\/EXTREM-KER.jpg\" class=\"image\" data-lightbox=\"image-Slider-block_fdd01cf045fa02cab8479b61da7bc0a8\">\n                                        <img decoding=\"async\" data-src=\"https:\/\/tejasborja.com\/wp-content\/uploads\/2024\/11\/EXTREM-KER.jpg\" alt=\"\" src=\"data:image\/svg+xml;base64,PHN2ZyB3aWR0aD0iMSIgaGVpZ2h0PSIxIiB4bWxucz0iaHR0cDovL3d3dy53My5vcmcvMjAwMC9zdmciPjwvc3ZnPg==\" class=\"lazyload\" style=\"--smush-placeholder-width: 448px; --smush-placeholder-aspect-ratio: 448\/165;\" \/>\n                                    <\/a>\n                                <\/div>\n                                                    <\/div>\n                        <div class=\"swiper-button-next\"><img decoding=\"async\" data-src=\"https:\/\/tejasborja.com\/wp-content\/themes\/tejasborja\/assets\/images\/swiper-gallery-next-arrow.svg\" src=\"data:image\/svg+xml;base64,PHN2ZyB3aWR0aD0iMSIgaGVpZ2h0PSIxIiB4bWxucz0iaHR0cDovL3d3dy53My5vcmcvMjAwMC9zdmciPjwvc3ZnPg==\" class=\"lazyload\" \/><\/div>\n                        <div class=\"swiper-button-prev\"><img decoding=\"async\" data-src=\"https:\/\/tejasborja.com\/wp-content\/themes\/tejasborja\/assets\/images\/swiper-gallery-prev-arrow.svg\" src=\"data:image\/svg+xml;base64,PHN2ZyB3aWR0aD0iMSIgaGVpZ2h0PSIxIiB4bWxucz0iaHR0cDovL3d3dy53My5vcmcvMjAwMC9zdmciPjwvc3ZnPg==\" class=\"lazyload\" \/><\/div>\n                    <\/div>\n                <\/div>\n            <\/div>\n            <div class=\"row\">\n                <div class=\"col-12\">\n                    <div class=\"swiper swiperThumb\">\n                        <div class=\"swiper-wrapper\">\n                                                            <div class=\"swiper-slide\">\n                                    <div class=\"image\">\n                                        <img decoding=\"async\" data-src=\"https:\/\/tejasborja.com\/wp-content\/uploads\/2024\/11\/acabados_EXTREM-KER.jpg\" alt=\"\" src=\"data:image\/svg+xml;base64,PHN2ZyB3aWR0aD0iMSIgaGVpZ2h0PSIxIiB4bWxucz0iaHR0cDovL3d3dy53My5vcmcvMjAwMC9zdmciPjwvc3ZnPg==\" class=\"lazyload\" style=\"--smush-placeholder-width: 448px; --smush-placeholder-aspect-ratio: 448\/65;\" \/>\n                                    <\/div>\n                                <\/div>\n                                                            <div class=\"swiper-slide\">\n                                    <div class=\"image\">\n                                        <img decoding=\"async\" data-src=\"https:\/\/tejasborja.com\/wp-content\/uploads\/2024\/11\/CEVISAMA_2011.jpg\" alt=\"\" src=\"data:image\/svg+xml;base64,PHN2ZyB3aWR0aD0iMSIgaGVpZ2h0PSIxIiB4bWxucz0iaHR0cDovL3d3dy53My5vcmcvMjAwMC9zdmciPjwvc3ZnPg==\" class=\"lazyload\" style=\"--smush-placeholder-width: 220px; --smush-placeholder-aspect-ratio: 220\/165;\" \/>\n                                    <\/div>\n                                <\/div>\n                                                            <div class=\"swiper-slide\">\n                                    <div class=\"image\">\n                                        <img decoding=\"async\" data-src=\"https:\/\/tejasborja.com\/wp-content\/uploads\/2024\/11\/EXTREM-KER.jpg\" alt=\"\" src=\"data:image\/svg+xml;base64,PHN2ZyB3aWR0aD0iMSIgaGVpZ2h0PSIxIiB4bWxucz0iaHR0cDovL3d3dy53My5vcmcvMjAwMC9zdmciPjwvc3ZnPg==\" class=\"lazyload\" style=\"--smush-placeholder-width: 448px; --smush-placeholder-aspect-ratio: 448\/165;\" \/>\n                                    <\/div>\n                                <\/div>\n                                                    <\/div>\n                    <\/div>\n                <\/div>\n            <\/div>\n        <\/div>\n        <\/div>\n\n\n\n<p>TB-Flat is the best innovative concept in straight lines. It blends the new trends in construction with the classic look of natural slate, bringing originality to the roof.<\/p>\n\n\n\n<p>The presentation of EXTREM-KER\u00ae products in Cevisama 2011 has been a success from the first day of the event.<\/p>\n\n\n\n<p>EMTREM-KER\u00ae products differ from other traditional roof tiles because of the firing process in a monolayer roller kiln, where we achieve a high firing temperature, which gives the material a low water absorption rate, high dimensional and caliber stability and high mechanical strength. By firing the roof tiles without any kind of contact between them we get a high quality and uniformity in surface finishes obtained by monocotura process.<\/p>\n","protected":false},"excerpt":{"rendered":"<p>TB-Flat is the best innovative concept in straight lines. It blends the new trends in construction with the classic look of natural slate, bringing originality to the roof.<\/p>\n","protected":false},"author":4,"featured_media":43281,"comment_status":"open","ping_status":"closed","sticky":false,"template":"","format":"standard","meta":{"_acf_changed":false,"_eb_attr":"","footnotes":""},"categories":[526],"tags":[],"class_list":["post-45426","post","type-post","status-publish","format-standard","has-post-thumbnail","hentry","category-news"],"acf":[],"yoast_head":"<!-- This site is optimized with the Yoast SEO plugin v27.3 - https:\/\/yoast.com\/product\/yoast-seo-wordpress\/ -->\n<title>EXTREM-KER: TB-Flat presented in Cevisama 2011 Trade Fair. - Tejas Borja<\/title>\n<meta name=\"robots\" content=\"index, follow, max-snippet:-1, max-image-preview:large, max-video-preview:-1\" \/>\n<link rel=\"canonical\" href=\"https:\/\/tejasborja.com\/en\/extrem-ker-tb-flat-se-presenta-en-cevisama-2011\/\" \/>\n<meta property=\"og:locale\" content=\"en_US\" \/>\n<meta property=\"og:type\" content=\"article\" \/>\n<meta property=\"og:title\" content=\"EXTREM-KER: TB-Flat presented in Cevisama 2011 Trade Fair. - Tejas Borja\" \/>\n<meta property=\"og:description\" content=\"TB-Flat is the best innovative concept in straight lines. It blends the new trends in construction with the classic look of natural slate, bringing originality to the roof.\" \/>\n<meta property=\"og:url\" content=\"https:\/\/tejasborja.com\/en\/extrem-ker-tb-flat-se-presenta-en-cevisama-2011\/\" \/>\n<meta property=\"og:site_name\" content=\"Tejas Borja\" \/>\n<meta property=\"article:published_time\" content=\"2011-02-10T09:39:00+00:00\" \/>\n<meta property=\"article:modified_time\" content=\"2024-11-26T15:12:59+00:00\" \/>\n<meta property=\"og:image\" content=\"https:\/\/tejasborja.com\/wp-content\/uploads\/2024\/11\/CEVISAMA_2011.jpg\" \/>\n\t<meta property=\"og:image:width\" content=\"220\" \/>\n\t<meta property=\"og:image:height\" content=\"165\" \/>\n\t<meta property=\"og:image:type\" content=\"image\/jpeg\" \/>\n<meta name=\"author\" content=\"Estudio Numerico\" \/>\n<meta name=\"twitter:card\" content=\"summary_large_image\" \/>\n<script type=\"application\/ld+json\" class=\"yoast-schema-graph\">{\"@context\":\"https:\\\/\\\/schema.org\",\"@graph\":[{\"@type\":\"Article\",\"@id\":\"https:\\\/\\\/tejasborja.com\\\/en\\\/extrem-ker-tb-flat-se-presenta-en-cevisama-2011\\\/#article\",\"isPartOf\":{\"@id\":\"https:\\\/\\\/tejasborja.com\\\/en\\\/extrem-ker-tb-flat-se-presenta-en-cevisama-2011\\\/\"},\"author\":{\"name\":\"Estudio Numerico\",\"@id\":\"https:\\\/\\\/tejasborja.com\\\/en\\\/#\\\/schema\\\/person\\\/4367574cae3c1f176ab3e3bd50b230bf\"},\"headline\":\"EXTREM-KER: TB-Flat presented in Cevisama 2011 Trade Fair.\",\"datePublished\":\"2011-02-10T09:39:00+00:00\",\"dateModified\":\"2024-11-26T15:12:59+00:00\",\"mainEntityOfPage\":{\"@id\":\"https:\\\/\\\/tejasborja.com\\\/en\\\/extrem-ker-tb-flat-se-presenta-en-cevisama-2011\\\/\"},\"wordCount\":122,\"commentCount\":0,\"publisher\":{\"@id\":\"https:\\\/\\\/tejasborja.com\\\/en\\\/#organization\"},\"image\":{\"@id\":\"https:\\\/\\\/tejasborja.com\\\/en\\\/extrem-ker-tb-flat-se-presenta-en-cevisama-2011\\\/#primaryimage\"},\"thumbnailUrl\":\"https:\\\/\\\/tejasborja.com\\\/wp-content\\\/uploads\\\/2024\\\/11\\\/CEVISAMA_2011.jpg\",\"articleSection\":[\"News\"],\"inLanguage\":\"en-US\",\"potentialAction\":[{\"@type\":\"CommentAction\",\"name\":\"Comment\",\"target\":[\"https:\\\/\\\/tejasborja.com\\\/en\\\/extrem-ker-tb-flat-se-presenta-en-cevisama-2011\\\/#respond\"]}]},{\"@type\":\"WebPage\",\"@id\":\"https:\\\/\\\/tejasborja.com\\\/en\\\/extrem-ker-tb-flat-se-presenta-en-cevisama-2011\\\/\",\"url\":\"https:\\\/\\\/tejasborja.com\\\/en\\\/extrem-ker-tb-flat-se-presenta-en-cevisama-2011\\\/\",\"name\":\"EXTREM-KER: TB-Flat presented in Cevisama 2011 Trade Fair. - Tejas Borja\",\"isPartOf\":{\"@id\":\"https:\\\/\\\/tejasborja.com\\\/en\\\/#website\"},\"primaryImageOfPage\":{\"@id\":\"https:\\\/\\\/tejasborja.com\\\/en\\\/extrem-ker-tb-flat-se-presenta-en-cevisama-2011\\\/#primaryimage\"},\"image\":{\"@id\":\"https:\\\/\\\/tejasborja.com\\\/en\\\/extrem-ker-tb-flat-se-presenta-en-cevisama-2011\\\/#primaryimage\"},\"thumbnailUrl\":\"https:\\\/\\\/tejasborja.com\\\/wp-content\\\/uploads\\\/2024\\\/11\\\/CEVISAMA_2011.jpg\",\"datePublished\":\"2011-02-10T09:39:00+00:00\",\"dateModified\":\"2024-11-26T15:12:59+00:00\",\"breadcrumb\":{\"@id\":\"https:\\\/\\\/tejasborja.com\\\/en\\\/extrem-ker-tb-flat-se-presenta-en-cevisama-2011\\\/#breadcrumb\"},\"inLanguage\":\"en-US\",\"potentialAction\":[{\"@type\":\"ReadAction\",\"target\":[\"https:\\\/\\\/tejasborja.com\\\/en\\\/extrem-ker-tb-flat-se-presenta-en-cevisama-2011\\\/\"]}]},{\"@type\":\"ImageObject\",\"inLanguage\":\"en-US\",\"@id\":\"https:\\\/\\\/tejasborja.com\\\/en\\\/extrem-ker-tb-flat-se-presenta-en-cevisama-2011\\\/#primaryimage\",\"url\":\"https:\\\/\\\/tejasborja.com\\\/wp-content\\\/uploads\\\/2024\\\/11\\\/CEVISAMA_2011.jpg\",\"contentUrl\":\"https:\\\/\\\/tejasborja.com\\\/wp-content\\\/uploads\\\/2024\\\/11\\\/CEVISAMA_2011.jpg\",\"width\":220,\"height\":165},{\"@type\":\"BreadcrumbList\",\"@id\":\"https:\\\/\\\/tejasborja.com\\\/en\\\/extrem-ker-tb-flat-se-presenta-en-cevisama-2011\\\/#breadcrumb\",\"itemListElement\":[{\"@type\":\"ListItem\",\"position\":1,\"name\":\"Portada\",\"item\":\"https:\\\/\\\/tejasborja.com\\\/en\\\/\"},{\"@type\":\"ListItem\",\"position\":2,\"name\":\"EXTREM-KER: TB-Flat presented in Cevisama 2011 Trade Fair.\"}]},{\"@type\":\"WebSite\",\"@id\":\"https:\\\/\\\/tejasborja.com\\\/en\\\/#website\",\"url\":\"https:\\\/\\\/tejasborja.com\\\/en\\\/\",\"name\":\"Tejas Borja\",\"description\":\"TEJAS BORJA la gama m\u00e1s amplia de tejas cer\u00e1micas del mercado. Especialistas en tejas mixtas, tejas planas y tejas curvas tanto para rehabilitaci\u00f3n de cubiertas como para tejados de obra nueva. Una marca con m\u00e1s de 110 a\u00f1os de experiencia....\",\"publisher\":{\"@id\":\"https:\\\/\\\/tejasborja.com\\\/en\\\/#organization\"},\"potentialAction\":[{\"@type\":\"SearchAction\",\"target\":{\"@type\":\"EntryPoint\",\"urlTemplate\":\"https:\\\/\\\/tejasborja.com\\\/en\\\/?s={search_term_string}\"},\"query-input\":{\"@type\":\"PropertyValueSpecification\",\"valueRequired\":true,\"valueName\":\"search_term_string\"}}],\"inLanguage\":\"en-US\"},{\"@type\":\"Organization\",\"@id\":\"https:\\\/\\\/tejasborja.com\\\/en\\\/#organization\",\"name\":\"Tejas Borja\",\"url\":\"https:\\\/\\\/tejasborja.com\\\/en\\\/\",\"logo\":{\"@type\":\"ImageObject\",\"inLanguage\":\"en-US\",\"@id\":\"https:\\\/\\\/tejasborja.com\\\/en\\\/#\\\/schema\\\/logo\\\/image\\\/\",\"url\":\"https:\\\/\\\/tejasborja.com\\\/wp-content\\\/uploads\\\/2025\\\/08\\\/Logo-Tejas-Borja-Blanco-1.png\",\"contentUrl\":\"https:\\\/\\\/tejasborja.com\\\/wp-content\\\/uploads\\\/2025\\\/08\\\/Logo-Tejas-Borja-Blanco-1.png\",\"width\":150,\"height\":50,\"caption\":\"Tejas Borja\"},\"image\":{\"@id\":\"https:\\\/\\\/tejasborja.com\\\/en\\\/#\\\/schema\\\/logo\\\/image\\\/\"}},{\"@type\":\"Person\",\"@id\":\"https:\\\/\\\/tejasborja.com\\\/en\\\/#\\\/schema\\\/person\\\/4367574cae3c1f176ab3e3bd50b230bf\",\"name\":\"Estudio Numerico\",\"image\":{\"@type\":\"ImageObject\",\"inLanguage\":\"en-US\",\"@id\":\"https:\\\/\\\/secure.gravatar.com\\\/avatar\\\/6128c3541c8b03c9dd534ced4f6362f216e82a41bb621e9a91616afaefa1968c?s=96&d=mm&r=g\",\"url\":\"https:\\\/\\\/secure.gravatar.com\\\/avatar\\\/6128c3541c8b03c9dd534ced4f6362f216e82a41bb621e9a91616afaefa1968c?s=96&d=mm&r=g\",\"contentUrl\":\"https:\\\/\\\/secure.gravatar.com\\\/avatar\\\/6128c3541c8b03c9dd534ced4f6362f216e82a41bb621e9a91616afaefa1968c?s=96&d=mm&r=g\",\"caption\":\"Estudio Numerico\"}}]}<\/script>\n<!-- \/ Yoast SEO plugin. -->","yoast_head_json":{"title":"EXTREM-KER: TB-Flat presented in Cevisama 2011 Trade Fair. - Tejas Borja","robots":{"index":"index","follow":"follow","max-snippet":"max-snippet:-1","max-image-preview":"max-image-preview:large","max-video-preview":"max-video-preview:-1"},"canonical":"https:\/\/tejasborja.com\/en\/extrem-ker-tb-flat-se-presenta-en-cevisama-2011\/","og_locale":"en_US","og_type":"article","og_title":"EXTREM-KER: TB-Flat presented in Cevisama 2011 Trade Fair. - Tejas Borja","og_description":"TB-Flat is the best innovative concept in straight lines. It blends the new trends in construction with the classic look of natural slate, bringing originality to the roof.","og_url":"https:\/\/tejasborja.com\/en\/extrem-ker-tb-flat-se-presenta-en-cevisama-2011\/","og_site_name":"Tejas Borja","article_published_time":"2011-02-10T09:39:00+00:00","article_modified_time":"2024-11-26T15:12:59+00:00","og_image":[{"width":220,"height":165,"url":"https:\/\/tejasborja.com\/wp-content\/uploads\/2024\/11\/CEVISAMA_2011.jpg","type":"image\/jpeg"}],"author":"Estudio Numerico","twitter_card":"summary_large_image","schema":{"@context":"https:\/\/schema.org","@graph":[{"@type":"Article","@id":"https:\/\/tejasborja.com\/en\/extrem-ker-tb-flat-se-presenta-en-cevisama-2011\/#article","isPartOf":{"@id":"https:\/\/tejasborja.com\/en\/extrem-ker-tb-flat-se-presenta-en-cevisama-2011\/"},"author":{"name":"Estudio Numerico","@id":"https:\/\/tejasborja.com\/en\/#\/schema\/person\/4367574cae3c1f176ab3e3bd50b230bf"},"headline":"EXTREM-KER: TB-Flat presented in Cevisama 2011 Trade Fair.","datePublished":"2011-02-10T09:39:00+00:00","dateModified":"2024-11-26T15:12:59+00:00","mainEntityOfPage":{"@id":"https:\/\/tejasborja.com\/en\/extrem-ker-tb-flat-se-presenta-en-cevisama-2011\/"},"wordCount":122,"commentCount":0,"publisher":{"@id":"https:\/\/tejasborja.com\/en\/#organization"},"image":{"@id":"https:\/\/tejasborja.com\/en\/extrem-ker-tb-flat-se-presenta-en-cevisama-2011\/#primaryimage"},"thumbnailUrl":"https:\/\/tejasborja.com\/wp-content\/uploads\/2024\/11\/CEVISAMA_2011.jpg","articleSection":["News"],"inLanguage":"en-US","potentialAction":[{"@type":"CommentAction","name":"Comment","target":["https:\/\/tejasborja.com\/en\/extrem-ker-tb-flat-se-presenta-en-cevisama-2011\/#respond"]}]},{"@type":"WebPage","@id":"https:\/\/tejasborja.com\/en\/extrem-ker-tb-flat-se-presenta-en-cevisama-2011\/","url":"https:\/\/tejasborja.com\/en\/extrem-ker-tb-flat-se-presenta-en-cevisama-2011\/","name":"EXTREM-KER: TB-Flat presented in Cevisama 2011 Trade Fair. - Tejas Borja","isPartOf":{"@id":"https:\/\/tejasborja.com\/en\/#website"},"primaryImageOfPage":{"@id":"https:\/\/tejasborja.com\/en\/extrem-ker-tb-flat-se-presenta-en-cevisama-2011\/#primaryimage"},"image":{"@id":"https:\/\/tejasborja.com\/en\/extrem-ker-tb-flat-se-presenta-en-cevisama-2011\/#primaryimage"},"thumbnailUrl":"https:\/\/tejasborja.com\/wp-content\/uploads\/2024\/11\/CEVISAMA_2011.jpg","datePublished":"2011-02-10T09:39:00+00:00","dateModified":"2024-11-26T15:12:59+00:00","breadcrumb":{"@id":"https:\/\/tejasborja.com\/en\/extrem-ker-tb-flat-se-presenta-en-cevisama-2011\/#breadcrumb"},"inLanguage":"en-US","potentialAction":[{"@type":"ReadAction","target":["https:\/\/tejasborja.com\/en\/extrem-ker-tb-flat-se-presenta-en-cevisama-2011\/"]}]},{"@type":"ImageObject","inLanguage":"en-US","@id":"https:\/\/tejasborja.com\/en\/extrem-ker-tb-flat-se-presenta-en-cevisama-2011\/#primaryimage","url":"https:\/\/tejasborja.com\/wp-content\/uploads\/2024\/11\/CEVISAMA_2011.jpg","contentUrl":"https:\/\/tejasborja.com\/wp-content\/uploads\/2024\/11\/CEVISAMA_2011.jpg","width":220,"height":165},{"@type":"BreadcrumbList","@id":"https:\/\/tejasborja.com\/en\/extrem-ker-tb-flat-se-presenta-en-cevisama-2011\/#breadcrumb","itemListElement":[{"@type":"ListItem","position":1,"name":"Portada","item":"https:\/\/tejasborja.com\/en\/"},{"@type":"ListItem","position":2,"name":"EXTREM-KER: TB-Flat presented in Cevisama 2011 Trade Fair."}]},{"@type":"WebSite","@id":"https:\/\/tejasborja.com\/en\/#website","url":"https:\/\/tejasborja.com\/en\/","name":"Tejas Borja","description":"TEJAS BORJA la gama m\u00e1s amplia de tejas cer\u00e1micas del mercado. Especialistas en tejas mixtas, tejas planas y tejas curvas tanto para rehabilitaci\u00f3n de cubiertas como para tejados de obra nueva. Una marca con m\u00e1s de 110 a\u00f1os de experiencia....","publisher":{"@id":"https:\/\/tejasborja.com\/en\/#organization"},"potentialAction":[{"@type":"SearchAction","target":{"@type":"EntryPoint","urlTemplate":"https:\/\/tejasborja.com\/en\/?s={search_term_string}"},"query-input":{"@type":"PropertyValueSpecification","valueRequired":true,"valueName":"search_term_string"}}],"inLanguage":"en-US"},{"@type":"Organization","@id":"https:\/\/tejasborja.com\/en\/#organization","name":"Tejas Borja","url":"https:\/\/tejasborja.com\/en\/","logo":{"@type":"ImageObject","inLanguage":"en-US","@id":"https:\/\/tejasborja.com\/en\/#\/schema\/logo\/image\/","url":"https:\/\/tejasborja.com\/wp-content\/uploads\/2025\/08\/Logo-Tejas-Borja-Blanco-1.png","contentUrl":"https:\/\/tejasborja.com\/wp-content\/uploads\/2025\/08\/Logo-Tejas-Borja-Blanco-1.png","width":150,"height":50,"caption":"Tejas Borja"},"image":{"@id":"https:\/\/tejasborja.com\/en\/#\/schema\/logo\/image\/"}},{"@type":"Person","@id":"https:\/\/tejasborja.com\/en\/#\/schema\/person\/4367574cae3c1f176ab3e3bd50b230bf","name":"Estudio Numerico","image":{"@type":"ImageObject","inLanguage":"en-US","@id":"https:\/\/secure.gravatar.com\/avatar\/6128c3541c8b03c9dd534ced4f6362f216e82a41bb621e9a91616afaefa1968c?s=96&d=mm&r=g","url":"https:\/\/secure.gravatar.com\/avatar\/6128c3541c8b03c9dd534ced4f6362f216e82a41bb621e9a91616afaefa1968c?s=96&d=mm&r=g","contentUrl":"https:\/\/secure.gravatar.com\/avatar\/6128c3541c8b03c9dd534ced4f6362f216e82a41bb621e9a91616afaefa1968c?s=96&d=mm&r=g","caption":"Estudio Numerico"}}]}},"_links":{"self":[{"href":"https:\/\/tejasborja.com\/en\/wp-json\/wp\/v2\/posts\/45426","targetHints":{"allow":["GET"]}}],"collection":[{"href":"https:\/\/tejasborja.com\/en\/wp-json\/wp\/v2\/posts"}],"about":[{"href":"https:\/\/tejasborja.com\/en\/wp-json\/wp\/v2\/types\/post"}],"author":[{"embeddable":true,"href":"https:\/\/tejasborja.com\/en\/wp-json\/wp\/v2\/users\/4"}],"replies":[{"embeddable":true,"href":"https:\/\/tejasborja.com\/en\/wp-json\/wp\/v2\/comments?post=45426"}],"version-history":[{"count":0,"href":"https:\/\/tejasborja.com\/en\/wp-json\/wp\/v2\/posts\/45426\/revisions"}],"wp:featuredmedia":[{"embeddable":true,"href":"https:\/\/tejasborja.com\/en\/wp-json\/wp\/v2\/media\/43281"}],"wp:attachment":[{"href":"https:\/\/tejasborja.com\/en\/wp-json\/wp\/v2\/media?parent=45426"}],"wp:term":[{"taxonomy":"category","embeddable":true,"href":"https:\/\/tejasborja.com\/en\/wp-json\/wp\/v2\/categories?post=45426"},{"taxonomy":"post_tag","embeddable":true,"href":"https:\/\/tejasborja.com\/en\/wp-json\/wp\/v2\/tags?post=45426"}],"curies":[{"name":"wp","href":"https:\/\/api.w.org\/{rel}","templated":true}]}}