{"id":43709,"date":"2024-05-29T11:27:00","date_gmt":"2024-05-29T09:27:00","guid":{"rendered":"https:\/\/tejasborja.com\/tejas-borja-en-el-dpa-forum-bilbao-2024\/"},"modified":"2024-11-20T08:55:22","modified_gmt":"2024-11-20T07:55:22","slug":"tejas-borja-en-el-dpa-forum-bilbao-2024","status":"publish","type":"post","link":"https:\/\/tejasborja.com\/fr\/tejas-borja-en-el-dpa-forum-bilbao-2024\/","title":{"rendered":"Tejas Borja en el DPA F\u00d3RUM BILBAO 2024"},"content":{"rendered":"\n<figure class=\"wp-block-image\"><a href=\"https:\/\/tejasborja.com\/wp-content\/uploads\/2024\/05\/dpa_Bilbao.jpg\"><img decoding=\"async\" data-src=\"https:\/\/tejasborja.com\/wp-content\/uploads\/2024\/05\/dpa_Bilbao.jpg\" alt=\"dpa_Bilbao\" title=\"dpa_Bilbao\" src=\"data:image\/svg+xml;base64,PHN2ZyB3aWR0aD0iMSIgaGVpZ2h0PSIxIiB4bWxucz0iaHR0cDovL3d3dy53My5vcmcvMjAwMC9zdmciPjwvc3ZnPg==\" class=\"lazyload\" \/><\/a><\/figure>\n\n\n\n<p>La semaine prochaine, du 5 au 6 juin, se tiendra la conf\u00e9rence professionnelle DPA F\u00f3rum organis\u00e9e par Infoedita\/InfoConstrucci\u00f3n.<\/p>\n\n\n\n<p>L\u2019\u00e9v\u00e9nement met l\u2019accent sur l\u2019innovation dans l\u2019architecture, la construction et la r\u00e9habilitation et Tejas Borja sera pr\u00e9sent avec la pr\u00e9sentation de JAIME PASCUAL, directeur de la prescription et du d\u00e9veloppement des affaires sous le titre \u00ab Syst\u00e8mes efficaces pour les toiture\u00bb.<\/p>\n\n\n\n<p>Date : Mercredi, 05 Juin 2024 \u2013 Jeudi, 06 Juin 2024<br>Lieu :<\/p>\n\n\n\n<p>H\u00d4TEL SILKEN INDAUTXU<br>C\/ Plaza Bombero Etxaniz, s\/n , 48010 , ES<br><a href=\"https:\/\/www.google.com\/maps\/place\/Hotel+Silken+Indautxu\/@43.2587045,-2.9395773,17z\/data=!3m1!4b1!4m11!3m10!1s0xd4e5029785a8dbb:0x6b4cd70e0387bfcd!5m4!1s2024-07-23!2i2!4m1!1i2!8m2!3d43.2587045!4d-2.9395773!16s%2Fg%2F11bwcsn5zq?entry=ttu\">Voir le plan<\/a><\/p>\n\n\n\n<p>Voir le programme et s\u2019inscrire<a href=\"https:\/\/eventos.infoconstruccion.es\/dpaforumbilbao2024\">&nbsp;ici.<\/a><\/p>\n\n\n\n<p><\/p>\n\n\n\n<p><\/p>\n","protected":false},"excerpt":{"rendered":"<p>L\u2019\u00e9v\u00e9nement se concentre sur l\u2019innovation dans l\u2019architecture, la construction et la r\u00e9novation, et Tejas Borja sera pr\u00e9sent avec une pr\u00e9sentation intitul\u00e9e \u00ab Efficient systems for pitched roofs \u00bb (syst\u00e8mes efficaces pour les toitures).<\/p>\n","protected":false},"author":4,"featured_media":11546,"comment_status":"open","ping_status":"closed","sticky":false,"template":"","format":"standard","meta":{"_acf_changed":false,"_eb_attr":"","footnotes":""},"categories":[2],"tags":[901,879,897,899],"class_list":["post-43709","post","type-post","status-publish","format-standard","has-post-thumbnail","hentry","category-non-classifiee","tag-sistemas-fr","tag-innovacion-fr","tag-arquitectura-fr","tag-evento-fr"],"acf":[],"yoast_head":"<!-- This site is optimized with the Yoast SEO plugin v27.3 - https:\/\/yoast.com\/product\/yoast-seo-wordpress\/ -->\n<title>Tejas Borja en el DPA F\u00d3RUM BILBAO 2024 - Tejas Borja<\/title>\n<meta name=\"robots\" content=\"index, follow, max-snippet:-1, max-image-preview:large, max-video-preview:-1\" \/>\n<link rel=\"canonical\" href=\"https:\/\/tejasborja.com\/fr\/tejas-borja-en-el-dpa-forum-bilbao-2024\/\" \/>\n<meta property=\"og:locale\" content=\"fr_FR\" \/>\n<meta property=\"og:type\" content=\"article\" \/>\n<meta property=\"og:title\" content=\"Tejas Borja en el DPA F\u00d3RUM BILBAO 2024 - Tejas Borja\" \/>\n<meta property=\"og:description\" content=\"L\u2019\u00e9v\u00e9nement se concentre sur l\u2019innovation dans l\u2019architecture, la construction et la r\u00e9novation, et Tejas Borja sera pr\u00e9sent avec une pr\u00e9sentation intitul\u00e9e \u00ab Efficient systems for pitched roofs \u00bb (syst\u00e8mes efficaces pour les toitures).\" \/>\n<meta property=\"og:url\" content=\"https:\/\/tejasborja.com\/fr\/tejas-borja-en-el-dpa-forum-bilbao-2024\/\" \/>\n<meta property=\"og:site_name\" content=\"Tejas Borja\" \/>\n<meta property=\"article:published_time\" content=\"2024-05-29T09:27:00+00:00\" \/>\n<meta property=\"article:modified_time\" content=\"2024-11-20T07:55:22+00:00\" \/>\n<meta property=\"og:image\" content=\"https:\/\/tejasborja.com\/wp-content\/uploads\/2024\/05\/image-1-5.jpg\" \/>\n\t<meta property=\"og:image:width\" content=\"768\" \/>\n\t<meta property=\"og:image:height\" content=\"494\" \/>\n\t<meta property=\"og:image:type\" content=\"image\/jpeg\" \/>\n<meta name=\"author\" content=\"Estudio Numerico\" \/>\n<meta name=\"twitter:card\" content=\"summary_large_image\" \/>\n<script type=\"application\/ld+json\" class=\"yoast-schema-graph\">{\"@context\":\"https:\\\/\\\/schema.org\",\"@graph\":[{\"@type\":\"Article\",\"@id\":\"https:\\\/\\\/tejasborja.com\\\/fr\\\/tejas-borja-en-el-dpa-forum-bilbao-2024\\\/#article\",\"isPartOf\":{\"@id\":\"https:\\\/\\\/tejasborja.com\\\/fr\\\/tejas-borja-en-el-dpa-forum-bilbao-2024\\\/\"},\"author\":{\"name\":\"Estudio Numerico\",\"@id\":\"https:\\\/\\\/tejasborja.com\\\/fr\\\/#\\\/schema\\\/person\\\/4367574cae3c1f176ab3e3bd50b230bf\"},\"headline\":\"Tejas Borja en el DPA F\u00d3RUM BILBAO 2024\",\"datePublished\":\"2024-05-29T09:27:00+00:00\",\"dateModified\":\"2024-11-20T07:55:22+00:00\",\"mainEntityOfPage\":{\"@id\":\"https:\\\/\\\/tejasborja.com\\\/fr\\\/tejas-borja-en-el-dpa-forum-bilbao-2024\\\/\"},\"wordCount\":106,\"commentCount\":0,\"publisher\":{\"@id\":\"https:\\\/\\\/tejasborja.com\\\/fr\\\/#organization\"},\"image\":{\"@id\":\"https:\\\/\\\/tejasborja.com\\\/fr\\\/tejas-borja-en-el-dpa-forum-bilbao-2024\\\/#primaryimage\"},\"thumbnailUrl\":\"https:\\\/\\\/tejasborja.com\\\/wp-content\\\/uploads\\\/2024\\\/05\\\/image-1-5.jpg\",\"keywords\":[\"sistemas\",\"innovaci\u00f3n\",\"arquitectura\",\"evento\"],\"articleSection\":[\"Non classifi\u00e9(e)\"],\"inLanguage\":\"fr-FR\",\"potentialAction\":[{\"@type\":\"CommentAction\",\"name\":\"Comment\",\"target\":[\"https:\\\/\\\/tejasborja.com\\\/fr\\\/tejas-borja-en-el-dpa-forum-bilbao-2024\\\/#respond\"]}]},{\"@type\":\"WebPage\",\"@id\":\"https:\\\/\\\/tejasborja.com\\\/fr\\\/tejas-borja-en-el-dpa-forum-bilbao-2024\\\/\",\"url\":\"https:\\\/\\\/tejasborja.com\\\/fr\\\/tejas-borja-en-el-dpa-forum-bilbao-2024\\\/\",\"name\":\"Tejas Borja en el DPA F\u00d3RUM BILBAO 2024 - Tejas Borja\",\"isPartOf\":{\"@id\":\"https:\\\/\\\/tejasborja.com\\\/fr\\\/#website\"},\"primaryImageOfPage\":{\"@id\":\"https:\\\/\\\/tejasborja.com\\\/fr\\\/tejas-borja-en-el-dpa-forum-bilbao-2024\\\/#primaryimage\"},\"image\":{\"@id\":\"https:\\\/\\\/tejasborja.com\\\/fr\\\/tejas-borja-en-el-dpa-forum-bilbao-2024\\\/#primaryimage\"},\"thumbnailUrl\":\"https:\\\/\\\/tejasborja.com\\\/wp-content\\\/uploads\\\/2024\\\/05\\\/image-1-5.jpg\",\"datePublished\":\"2024-05-29T09:27:00+00:00\",\"dateModified\":\"2024-11-20T07:55:22+00:00\",\"breadcrumb\":{\"@id\":\"https:\\\/\\\/tejasborja.com\\\/fr\\\/tejas-borja-en-el-dpa-forum-bilbao-2024\\\/#breadcrumb\"},\"inLanguage\":\"fr-FR\",\"potentialAction\":[{\"@type\":\"ReadAction\",\"target\":[\"https:\\\/\\\/tejasborja.com\\\/fr\\\/tejas-borja-en-el-dpa-forum-bilbao-2024\\\/\"]}]},{\"@type\":\"ImageObject\",\"inLanguage\":\"fr-FR\",\"@id\":\"https:\\\/\\\/tejasborja.com\\\/fr\\\/tejas-borja-en-el-dpa-forum-bilbao-2024\\\/#primaryimage\",\"url\":\"https:\\\/\\\/tejasborja.com\\\/wp-content\\\/uploads\\\/2024\\\/05\\\/image-1-5.jpg\",\"contentUrl\":\"https:\\\/\\\/tejasborja.com\\\/wp-content\\\/uploads\\\/2024\\\/05\\\/image-1-5.jpg\",\"width\":768,\"height\":494},{\"@type\":\"BreadcrumbList\",\"@id\":\"https:\\\/\\\/tejasborja.com\\\/fr\\\/tejas-borja-en-el-dpa-forum-bilbao-2024\\\/#breadcrumb\",\"itemListElement\":[{\"@type\":\"ListItem\",\"position\":1,\"name\":\"Portada\",\"item\":\"https:\\\/\\\/tejasborja.com\\\/fr\\\/\"},{\"@type\":\"ListItem\",\"position\":2,\"name\":\"Tejas Borja en el DPA F\u00d3RUM BILBAO 2024\"}]},{\"@type\":\"WebSite\",\"@id\":\"https:\\\/\\\/tejasborja.com\\\/fr\\\/#website\",\"url\":\"https:\\\/\\\/tejasborja.com\\\/fr\\\/\",\"name\":\"Tejas Borja\",\"description\":\"TEJAS BORJA la gama m\u00e1s amplia de tejas cer\u00e1micas del mercado. Especialistas en tejas mixtas, tejas planas y tejas curvas tanto para rehabilitaci\u00f3n de cubiertas como para tejados de obra nueva. Una marca con m\u00e1s de 110 a\u00f1os de experiencia....\",\"publisher\":{\"@id\":\"https:\\\/\\\/tejasborja.com\\\/fr\\\/#organization\"},\"potentialAction\":[{\"@type\":\"SearchAction\",\"target\":{\"@type\":\"EntryPoint\",\"urlTemplate\":\"https:\\\/\\\/tejasborja.com\\\/fr\\\/?s={search_term_string}\"},\"query-input\":{\"@type\":\"PropertyValueSpecification\",\"valueRequired\":true,\"valueName\":\"search_term_string\"}}],\"inLanguage\":\"fr-FR\"},{\"@type\":\"Organization\",\"@id\":\"https:\\\/\\\/tejasborja.com\\\/fr\\\/#organization\",\"name\":\"Tejas Borja\",\"url\":\"https:\\\/\\\/tejasborja.com\\\/fr\\\/\",\"logo\":{\"@type\":\"ImageObject\",\"inLanguage\":\"fr-FR\",\"@id\":\"https:\\\/\\\/tejasborja.com\\\/fr\\\/#\\\/schema\\\/logo\\\/image\\\/\",\"url\":\"https:\\\/\\\/tejasborja.com\\\/wp-content\\\/uploads\\\/2025\\\/08\\\/Logo-Tejas-Borja-Blanco-1.png\",\"contentUrl\":\"https:\\\/\\\/tejasborja.com\\\/wp-content\\\/uploads\\\/2025\\\/08\\\/Logo-Tejas-Borja-Blanco-1.png\",\"width\":150,\"height\":50,\"caption\":\"Tejas Borja\"},\"image\":{\"@id\":\"https:\\\/\\\/tejasborja.com\\\/fr\\\/#\\\/schema\\\/logo\\\/image\\\/\"}},{\"@type\":\"Person\",\"@id\":\"https:\\\/\\\/tejasborja.com\\\/fr\\\/#\\\/schema\\\/person\\\/4367574cae3c1f176ab3e3bd50b230bf\",\"name\":\"Estudio Numerico\",\"image\":{\"@type\":\"ImageObject\",\"inLanguage\":\"fr-FR\",\"@id\":\"https:\\\/\\\/secure.gravatar.com\\\/avatar\\\/6128c3541c8b03c9dd534ced4f6362f216e82a41bb621e9a91616afaefa1968c?s=96&d=mm&r=g\",\"url\":\"https:\\\/\\\/secure.gravatar.com\\\/avatar\\\/6128c3541c8b03c9dd534ced4f6362f216e82a41bb621e9a91616afaefa1968c?s=96&d=mm&r=g\",\"contentUrl\":\"https:\\\/\\\/secure.gravatar.com\\\/avatar\\\/6128c3541c8b03c9dd534ced4f6362f216e82a41bb621e9a91616afaefa1968c?s=96&d=mm&r=g\",\"caption\":\"Estudio Numerico\"}}]}<\/script>\n<!-- \/ Yoast SEO plugin. -->","yoast_head_json":{"title":"Tejas Borja en el DPA F\u00d3RUM BILBAO 2024 - Tejas Borja","robots":{"index":"index","follow":"follow","max-snippet":"max-snippet:-1","max-image-preview":"max-image-preview:large","max-video-preview":"max-video-preview:-1"},"canonical":"https:\/\/tejasborja.com\/fr\/tejas-borja-en-el-dpa-forum-bilbao-2024\/","og_locale":"fr_FR","og_type":"article","og_title":"Tejas Borja en el DPA F\u00d3RUM BILBAO 2024 - Tejas Borja","og_description":"L\u2019\u00e9v\u00e9nement se concentre sur l\u2019innovation dans l\u2019architecture, la construction et la r\u00e9novation, et Tejas Borja sera pr\u00e9sent avec une pr\u00e9sentation intitul\u00e9e \u00ab Efficient systems for pitched roofs \u00bb (syst\u00e8mes efficaces pour les toitures).","og_url":"https:\/\/tejasborja.com\/fr\/tejas-borja-en-el-dpa-forum-bilbao-2024\/","og_site_name":"Tejas Borja","article_published_time":"2024-05-29T09:27:00+00:00","article_modified_time":"2024-11-20T07:55:22+00:00","og_image":[{"width":768,"height":494,"url":"https:\/\/tejasborja.com\/wp-content\/uploads\/2024\/05\/image-1-5.jpg","type":"image\/jpeg"}],"author":"Estudio Numerico","twitter_card":"summary_large_image","schema":{"@context":"https:\/\/schema.org","@graph":[{"@type":"Article","@id":"https:\/\/tejasborja.com\/fr\/tejas-borja-en-el-dpa-forum-bilbao-2024\/#article","isPartOf":{"@id":"https:\/\/tejasborja.com\/fr\/tejas-borja-en-el-dpa-forum-bilbao-2024\/"},"author":{"name":"Estudio Numerico","@id":"https:\/\/tejasborja.com\/fr\/#\/schema\/person\/4367574cae3c1f176ab3e3bd50b230bf"},"headline":"Tejas Borja en el DPA F\u00d3RUM BILBAO 2024","datePublished":"2024-05-29T09:27:00+00:00","dateModified":"2024-11-20T07:55:22+00:00","mainEntityOfPage":{"@id":"https:\/\/tejasborja.com\/fr\/tejas-borja-en-el-dpa-forum-bilbao-2024\/"},"wordCount":106,"commentCount":0,"publisher":{"@id":"https:\/\/tejasborja.com\/fr\/#organization"},"image":{"@id":"https:\/\/tejasborja.com\/fr\/tejas-borja-en-el-dpa-forum-bilbao-2024\/#primaryimage"},"thumbnailUrl":"https:\/\/tejasborja.com\/wp-content\/uploads\/2024\/05\/image-1-5.jpg","keywords":["sistemas","innovaci\u00f3n","arquitectura","evento"],"articleSection":["Non classifi\u00e9(e)"],"inLanguage":"fr-FR","potentialAction":[{"@type":"CommentAction","name":"Comment","target":["https:\/\/tejasborja.com\/fr\/tejas-borja-en-el-dpa-forum-bilbao-2024\/#respond"]}]},{"@type":"WebPage","@id":"https:\/\/tejasborja.com\/fr\/tejas-borja-en-el-dpa-forum-bilbao-2024\/","url":"https:\/\/tejasborja.com\/fr\/tejas-borja-en-el-dpa-forum-bilbao-2024\/","name":"Tejas Borja en el DPA F\u00d3RUM BILBAO 2024 - Tejas Borja","isPartOf":{"@id":"https:\/\/tejasborja.com\/fr\/#website"},"primaryImageOfPage":{"@id":"https:\/\/tejasborja.com\/fr\/tejas-borja-en-el-dpa-forum-bilbao-2024\/#primaryimage"},"image":{"@id":"https:\/\/tejasborja.com\/fr\/tejas-borja-en-el-dpa-forum-bilbao-2024\/#primaryimage"},"thumbnailUrl":"https:\/\/tejasborja.com\/wp-content\/uploads\/2024\/05\/image-1-5.jpg","datePublished":"2024-05-29T09:27:00+00:00","dateModified":"2024-11-20T07:55:22+00:00","breadcrumb":{"@id":"https:\/\/tejasborja.com\/fr\/tejas-borja-en-el-dpa-forum-bilbao-2024\/#breadcrumb"},"inLanguage":"fr-FR","potentialAction":[{"@type":"ReadAction","target":["https:\/\/tejasborja.com\/fr\/tejas-borja-en-el-dpa-forum-bilbao-2024\/"]}]},{"@type":"ImageObject","inLanguage":"fr-FR","@id":"https:\/\/tejasborja.com\/fr\/tejas-borja-en-el-dpa-forum-bilbao-2024\/#primaryimage","url":"https:\/\/tejasborja.com\/wp-content\/uploads\/2024\/05\/image-1-5.jpg","contentUrl":"https:\/\/tejasborja.com\/wp-content\/uploads\/2024\/05\/image-1-5.jpg","width":768,"height":494},{"@type":"BreadcrumbList","@id":"https:\/\/tejasborja.com\/fr\/tejas-borja-en-el-dpa-forum-bilbao-2024\/#breadcrumb","itemListElement":[{"@type":"ListItem","position":1,"name":"Portada","item":"https:\/\/tejasborja.com\/fr\/"},{"@type":"ListItem","position":2,"name":"Tejas Borja en el DPA F\u00d3RUM BILBAO 2024"}]},{"@type":"WebSite","@id":"https:\/\/tejasborja.com\/fr\/#website","url":"https:\/\/tejasborja.com\/fr\/","name":"Tejas Borja","description":"TEJAS BORJA la gama m\u00e1s amplia de tejas cer\u00e1micas del mercado. Especialistas en tejas mixtas, tejas planas y tejas curvas tanto para rehabilitaci\u00f3n de cubiertas como para tejados de obra nueva. Una marca con m\u00e1s de 110 a\u00f1os de experiencia....","publisher":{"@id":"https:\/\/tejasborja.com\/fr\/#organization"},"potentialAction":[{"@type":"SearchAction","target":{"@type":"EntryPoint","urlTemplate":"https:\/\/tejasborja.com\/fr\/?s={search_term_string}"},"query-input":{"@type":"PropertyValueSpecification","valueRequired":true,"valueName":"search_term_string"}}],"inLanguage":"fr-FR"},{"@type":"Organization","@id":"https:\/\/tejasborja.com\/fr\/#organization","name":"Tejas Borja","url":"https:\/\/tejasborja.com\/fr\/","logo":{"@type":"ImageObject","inLanguage":"fr-FR","@id":"https:\/\/tejasborja.com\/fr\/#\/schema\/logo\/image\/","url":"https:\/\/tejasborja.com\/wp-content\/uploads\/2025\/08\/Logo-Tejas-Borja-Blanco-1.png","contentUrl":"https:\/\/tejasborja.com\/wp-content\/uploads\/2025\/08\/Logo-Tejas-Borja-Blanco-1.png","width":150,"height":50,"caption":"Tejas Borja"},"image":{"@id":"https:\/\/tejasborja.com\/fr\/#\/schema\/logo\/image\/"}},{"@type":"Person","@id":"https:\/\/tejasborja.com\/fr\/#\/schema\/person\/4367574cae3c1f176ab3e3bd50b230bf","name":"Estudio Numerico","image":{"@type":"ImageObject","inLanguage":"fr-FR","@id":"https:\/\/secure.gravatar.com\/avatar\/6128c3541c8b03c9dd534ced4f6362f216e82a41bb621e9a91616afaefa1968c?s=96&d=mm&r=g","url":"https:\/\/secure.gravatar.com\/avatar\/6128c3541c8b03c9dd534ced4f6362f216e82a41bb621e9a91616afaefa1968c?s=96&d=mm&r=g","contentUrl":"https:\/\/secure.gravatar.com\/avatar\/6128c3541c8b03c9dd534ced4f6362f216e82a41bb621e9a91616afaefa1968c?s=96&d=mm&r=g","caption":"Estudio Numerico"}}]}},"_links":{"self":[{"href":"https:\/\/tejasborja.com\/fr\/wp-json\/wp\/v2\/posts\/43709","targetHints":{"allow":["GET"]}}],"collection":[{"href":"https:\/\/tejasborja.com\/fr\/wp-json\/wp\/v2\/posts"}],"about":[{"href":"https:\/\/tejasborja.com\/fr\/wp-json\/wp\/v2\/types\/post"}],"author":[{"embeddable":true,"href":"https:\/\/tejasborja.com\/fr\/wp-json\/wp\/v2\/users\/4"}],"replies":[{"embeddable":true,"href":"https:\/\/tejasborja.com\/fr\/wp-json\/wp\/v2\/comments?post=43709"}],"version-history":[{"count":0,"href":"https:\/\/tejasborja.com\/fr\/wp-json\/wp\/v2\/posts\/43709\/revisions"}],"wp:featuredmedia":[{"embeddable":true,"href":"https:\/\/tejasborja.com\/fr\/wp-json\/wp\/v2\/media\/11546"}],"wp:attachment":[{"href":"https:\/\/tejasborja.com\/fr\/wp-json\/wp\/v2\/media?parent=43709"}],"wp:term":[{"taxonomy":"category","embeddable":true,"href":"https:\/\/tejasborja.com\/fr\/wp-json\/wp\/v2\/categories?post=43709"},{"taxonomy":"post_tag","embeddable":true,"href":"https:\/\/tejasborja.com\/fr\/wp-json\/wp\/v2\/tags?post=43709"}],"curies":[{"name":"wp","href":"https:\/\/api.w.org\/{rel}","templated":true}]}}