{"id":44647,"date":"2019-05-16T08:14:00","date_gmt":"2019-05-16T06:14:00","guid":{"rendered":"https:\/\/tejasborja.com\/la-luz-en-cubiertas\/"},"modified":"2024-11-28T10:38:30","modified_gmt":"2024-11-28T09:38:30","slug":"la-luz-en-cubiertas","status":"publish","type":"post","link":"https:\/\/tejasborja.com\/fr\/la-luz-en-cubiertas\/","title":{"rendered":"LUMI\u00c8RE SUR LES TOITS"},"content":{"rendered":"\n<figure class=\"wp-block-image\"><a href=\"https:\/\/tejasborja.com\/wp-content\/uploads\/2019\/05\/Luz_en_cubiertas_.jpg\"><img decoding=\"async\" width=\"768\" height=\"576\" data-src=\"https:\/\/tejasborja.com\/wp-content\/uploads\/2024\/11\/image-12.jpeg\" alt=\"La luz en cubiertas\" class=\"wp-image-32502 lazyload\" title=\"La luz en cubiertas\" data-srcset=\"https:\/\/tejasborja.com\/wp-content\/uploads\/2024\/11\/image-12.jpeg 768w, https:\/\/tejasborja.com\/wp-content\/uploads\/2024\/11\/image-12-300x225.jpeg 300w\" data-sizes=\"(max-width: 768px) 100vw, 768px\" src=\"data:image\/svg+xml;base64,PHN2ZyB3aWR0aD0iMSIgaGVpZ2h0PSIxIiB4bWxucz0iaHR0cDovL3d3dy53My5vcmcvMjAwMC9zdmciPjwvc3ZnPg==\" style=\"--smush-placeholder-width: 768px; --smush-placeholder-aspect-ratio: 768\/576;\" \/><\/a><\/figure>\n\n\n\n<p>On a beaucoup parl\u00e9 des avantages du toit plat depuis son apparition lors du mouvement moderne, mais peu de choses ont \u00e9t\u00e9 dites sur les vertus du toit inclin\u00e9 en ce qui concerne l\u2019incorporation de la lumi\u00e8re.<\/p>\n\n\n\n<p>L\u2019un des points forts des toits traditionnels est la facilit\u00e9 de g\u00e9n\u00e9rer des points lumineux relativement simples gr\u00e2ce \u00e0 l\u2019inclinaison du toit lui-m\u00eame. Ceux-ci permettent de g\u00e9n\u00e9rer syst\u00e9matiquement un foyer direct ou indirect de lumi\u00e8re naturelle, \u00e0 travers les charpentes, avec les m\u00eames avantages de drainage que la toiture elle-m\u00eame.<\/p>\n\n\n\n<p>De plus, la morphologie du toit lui-m\u00eame donne lieu \u00e0 diff\u00e9rents types d\u2019ouvertures, selon le type de rencontre entre plans inclin\u00e9s, adaptant le trou lui-m\u00eame au toit.<\/p>\n\n\n<div class=\"wp-block-image\">\n<figure class=\"aligncenter\"><img decoding=\"async\" data-src=\"https:\/\/tejasborja.com\/wp-content\/uploads\/2019\/05\/luz_tejados-2.jpg\" alt=\"La luz natural en viviendas\" class=\"wp-image-40058 lazyload\" src=\"data:image\/svg+xml;base64,PHN2ZyB3aWR0aD0iMSIgaGVpZ2h0PSIxIiB4bWxucz0iaHR0cDovL3d3dy53My5vcmcvMjAwMC9zdmciPjwvc3ZnPg==\" \/><\/figure>\n<\/div>\n\n\n<p><strong>Lumi\u00e8re naturelle dans les habitations<\/strong><\/p>\n\n\n\n<p>Cette morphologie diff\u00e9rente de la compr\u00e9hension de la lumi\u00e8re dans un toit inclin\u00e9 est \u00e9galement visible de l\u2019ext\u00e9rieur. Les ampoules (ou ouvertures) peuvent \u00eatre int\u00e9gr\u00e9es dans le mat\u00e9riau de couverture du toit (tuiles par exemple) en adaptant les trous \u00e0 la modulation du toit, ce qui en fait une partie du plan. Comme si c\u2019\u00e9tait une fa\u00e7ade de plus. La cinqui\u00e8me fa\u00e7ade.<\/p>\n\n\n<div class=\"wp-block-image\">\n<figure class=\"aligncenter\"><img decoding=\"async\" data-src=\"https:\/\/tejasborja.com\/wp-content\/uploads\/2019\/05\/luz_tejados-3.jpg\" alt=\"La luz natural en viviendas\" class=\"wp-image-40061 lazyload\" src=\"data:image\/svg+xml;base64,PHN2ZyB3aWR0aD0iMSIgaGVpZ2h0PSIxIiB4bWxucz0iaHR0cDovL3d3dy53My5vcmcvMjAwMC9zdmciPjwvc3ZnPg==\" \/><\/figure>\n<\/div>\n\n\n<p>De plus, tout en \u00e9clairant une fa\u00e7ade ou un toit plat, la lumi\u00e8re naturelle d\u00e9pend exclusivement de son orientation, sur un toit inclin\u00e9, on peut choisir laquelle des jupes r\u00e9pond \u00e0 l\u2019orientation id\u00e9ale pour s\u2019ouvrir vers l\u2019ext\u00e9rieur, son angle d\u2019inclinaison en fonction de sa latitude et surtout du rapport avec l\u2019environnement, pour projeter des rencontres qui favorisent l\u2019entr\u00e9e de la lumi\u00e8re \u00e0 l\u2019int\u00e9rieur.<\/p>\n\n\n\n<p><strong>La lumi\u00e8re naturelle dans les maisons<\/strong><\/p>\n\n\n\n<p><img decoding=\"async\" data-src=\"https:\/\/tejasborja.com\/wp-content\/uploads\/2019\/05\/luz_tejados-1.jpg\" alt=\"La luz natural en viviendas\" width=\"620\" height=\"236\" data-srcset=\"https:\/\/tejasborja.com\/wp-content\/uploads\/2019\/05\/luz_tejados-1.jpg 620w, https:\/\/tejasborja.com\/wp-content\/uploads\/2019\/05\/luz_tejados-1-300x114.jpg 300w\" src=\"data:image\/svg+xml;base64,PHN2ZyB3aWR0aD0iMSIgaGVpZ2h0PSIxIiB4bWxucz0iaHR0cDovL3d3dy53My5vcmcvMjAwMC9zdmciPjwvc3ZnPg==\" class=\"lazyload\" style=\"--smush-placeholder-width: 620px; --smush-placeholder-aspect-ratio: 620\/236;\"><\/p>\n\n\n\n<p id=\"caption-attachment-40055\"><strong>Lumi\u00e8re sur les toits inclin\u00e9s<\/strong><\/p>\n\n\n\n<p>C\u2019est pourquoi un toit inclin\u00e9 offre \u00e0 la fois en g\u00e9om\u00e9trie et par nature un point tr\u00e8s favorable pour int\u00e9grer la lumi\u00e8re naturelle \u00e0 l\u2019int\u00e9rieur des pi\u00e8ces.<\/p>\n\n\n\n<p>En savoir plus sur les avantages des toits inclin\u00e9s avec des tuiles c\u00e9ramiques.\u00a0<br><a href=\"https:\/\/tejasborja.com\/cubiertas-inclinadas-teja-ceramica-1\/\">cubiertas inclinadas con tejas cer\u00e1micas.<\/a><\/p>\n","protected":false},"excerpt":{"rendered":"<p>On a beaucoup parl\u00e9 des avantages du toit plat depuis son apparition lors du mouvement moderne, mais peu de choses ont \u00e9t\u00e9 dites sur les vertus du toit inclin\u00e9 en ce qui concerne l\u2019incorporation de la lumi\u00e8re.<\/p>\n","protected":false},"author":4,"featured_media":32506,"comment_status":"open","ping_status":"closed","sticky":false,"template":"","format":"standard","meta":{"_acf_changed":false,"_eb_attr":"","footnotes":""},"categories":[536],"tags":[690,693],"class_list":["post-44647","post","type-post","status-publish","format-standard","has-post-thumbnail","hentry","category-actualite","tag-cubiertas-inclinadas-fr","tag-diseno-fr"],"acf":[],"yoast_head":"<!-- This site is optimized with the Yoast SEO plugin v27.3 - https:\/\/yoast.com\/product\/yoast-seo-wordpress\/ -->\n<title>LUMI\u00c8RE SUR LES TOITS - Tejas Borja<\/title>\n<meta name=\"robots\" content=\"index, follow, max-snippet:-1, max-image-preview:large, max-video-preview:-1\" \/>\n<link rel=\"canonical\" href=\"https:\/\/tejasborja.com\/fr\/la-luz-en-cubiertas\/\" \/>\n<meta property=\"og:locale\" content=\"fr_FR\" \/>\n<meta property=\"og:type\" content=\"article\" \/>\n<meta property=\"og:title\" content=\"LUMI\u00c8RE SUR LES TOITS - Tejas Borja\" \/>\n<meta property=\"og:description\" content=\"On a beaucoup parl\u00e9 des avantages du toit plat depuis son apparition lors du mouvement moderne, mais peu de choses ont \u00e9t\u00e9 dites sur les vertus du toit inclin\u00e9 en ce qui concerne l\u2019incorporation de la lumi\u00e8re.\" \/>\n<meta property=\"og:url\" content=\"https:\/\/tejasborja.com\/fr\/la-luz-en-cubiertas\/\" \/>\n<meta property=\"og:site_name\" content=\"Tejas Borja\" \/>\n<meta property=\"article:published_time\" content=\"2019-05-16T06:14:00+00:00\" \/>\n<meta property=\"article:modified_time\" content=\"2024-11-28T09:38:30+00:00\" \/>\n<meta property=\"og:image\" content=\"https:\/\/tejasborja.com\/wp-content\/uploads\/2024\/11\/image-12.jpeg\" \/>\n\t<meta property=\"og:image:width\" content=\"768\" \/>\n\t<meta property=\"og:image:height\" content=\"576\" \/>\n\t<meta property=\"og:image:type\" content=\"image\/jpeg\" \/>\n<meta name=\"author\" content=\"Estudio Numerico\" \/>\n<meta name=\"twitter:card\" content=\"summary_large_image\" \/>\n<script type=\"application\/ld+json\" class=\"yoast-schema-graph\">{\"@context\":\"https:\\\/\\\/schema.org\",\"@graph\":[{\"@type\":\"Article\",\"@id\":\"https:\\\/\\\/tejasborja.com\\\/fr\\\/la-luz-en-cubiertas\\\/#article\",\"isPartOf\":{\"@id\":\"https:\\\/\\\/tejasborja.com\\\/fr\\\/la-luz-en-cubiertas\\\/\"},\"author\":{\"name\":\"Estudio Numerico\",\"@id\":\"https:\\\/\\\/tejasborja.com\\\/fr\\\/#\\\/schema\\\/person\\\/4367574cae3c1f176ab3e3bd50b230bf\"},\"headline\":\"LUMI\u00c8RE SUR LES TOITS\",\"datePublished\":\"2019-05-16T06:14:00+00:00\",\"dateModified\":\"2024-11-28T09:38:30+00:00\",\"mainEntityOfPage\":{\"@id\":\"https:\\\/\\\/tejasborja.com\\\/fr\\\/la-luz-en-cubiertas\\\/\"},\"wordCount\":360,\"commentCount\":0,\"publisher\":{\"@id\":\"https:\\\/\\\/tejasborja.com\\\/fr\\\/#organization\"},\"image\":{\"@id\":\"https:\\\/\\\/tejasborja.com\\\/fr\\\/la-luz-en-cubiertas\\\/#primaryimage\"},\"thumbnailUrl\":\"https:\\\/\\\/tejasborja.com\\\/wp-content\\\/uploads\\\/2024\\\/11\\\/image-12.jpeg\",\"keywords\":[\"Cubiertas inclinadas\",\"Dise\u00f1o\"],\"articleSection\":[\"Actualit\u00e9\"],\"inLanguage\":\"fr-FR\",\"potentialAction\":[{\"@type\":\"CommentAction\",\"name\":\"Comment\",\"target\":[\"https:\\\/\\\/tejasborja.com\\\/fr\\\/la-luz-en-cubiertas\\\/#respond\"]}]},{\"@type\":\"WebPage\",\"@id\":\"https:\\\/\\\/tejasborja.com\\\/fr\\\/la-luz-en-cubiertas\\\/\",\"url\":\"https:\\\/\\\/tejasborja.com\\\/fr\\\/la-luz-en-cubiertas\\\/\",\"name\":\"LUMI\u00c8RE SUR LES TOITS - Tejas Borja\",\"isPartOf\":{\"@id\":\"https:\\\/\\\/tejasborja.com\\\/fr\\\/#website\"},\"primaryImageOfPage\":{\"@id\":\"https:\\\/\\\/tejasborja.com\\\/fr\\\/la-luz-en-cubiertas\\\/#primaryimage\"},\"image\":{\"@id\":\"https:\\\/\\\/tejasborja.com\\\/fr\\\/la-luz-en-cubiertas\\\/#primaryimage\"},\"thumbnailUrl\":\"https:\\\/\\\/tejasborja.com\\\/wp-content\\\/uploads\\\/2024\\\/11\\\/image-12.jpeg\",\"datePublished\":\"2019-05-16T06:14:00+00:00\",\"dateModified\":\"2024-11-28T09:38:30+00:00\",\"breadcrumb\":{\"@id\":\"https:\\\/\\\/tejasborja.com\\\/fr\\\/la-luz-en-cubiertas\\\/#breadcrumb\"},\"inLanguage\":\"fr-FR\",\"potentialAction\":[{\"@type\":\"ReadAction\",\"target\":[\"https:\\\/\\\/tejasborja.com\\\/fr\\\/la-luz-en-cubiertas\\\/\"]}]},{\"@type\":\"ImageObject\",\"inLanguage\":\"fr-FR\",\"@id\":\"https:\\\/\\\/tejasborja.com\\\/fr\\\/la-luz-en-cubiertas\\\/#primaryimage\",\"url\":\"https:\\\/\\\/tejasborja.com\\\/wp-content\\\/uploads\\\/2024\\\/11\\\/image-12.jpeg\",\"contentUrl\":\"https:\\\/\\\/tejasborja.com\\\/wp-content\\\/uploads\\\/2024\\\/11\\\/image-12.jpeg\",\"width\":768,\"height\":576},{\"@type\":\"BreadcrumbList\",\"@id\":\"https:\\\/\\\/tejasborja.com\\\/fr\\\/la-luz-en-cubiertas\\\/#breadcrumb\",\"itemListElement\":[{\"@type\":\"ListItem\",\"position\":1,\"name\":\"Portada\",\"item\":\"https:\\\/\\\/tejasborja.com\\\/fr\\\/\"},{\"@type\":\"ListItem\",\"position\":2,\"name\":\"LUMI\u00c8RE SUR LES TOITS\"}]},{\"@type\":\"WebSite\",\"@id\":\"https:\\\/\\\/tejasborja.com\\\/fr\\\/#website\",\"url\":\"https:\\\/\\\/tejasborja.com\\\/fr\\\/\",\"name\":\"Tejas Borja\",\"description\":\"TEJAS BORJA la gama m\u00e1s amplia de tejas cer\u00e1micas del mercado. Especialistas en tejas mixtas, tejas planas y tejas curvas tanto para rehabilitaci\u00f3n de cubiertas como para tejados de obra nueva. Una marca con m\u00e1s de 110 a\u00f1os de experiencia....\",\"publisher\":{\"@id\":\"https:\\\/\\\/tejasborja.com\\\/fr\\\/#organization\"},\"potentialAction\":[{\"@type\":\"SearchAction\",\"target\":{\"@type\":\"EntryPoint\",\"urlTemplate\":\"https:\\\/\\\/tejasborja.com\\\/fr\\\/?s={search_term_string}\"},\"query-input\":{\"@type\":\"PropertyValueSpecification\",\"valueRequired\":true,\"valueName\":\"search_term_string\"}}],\"inLanguage\":\"fr-FR\"},{\"@type\":\"Organization\",\"@id\":\"https:\\\/\\\/tejasborja.com\\\/fr\\\/#organization\",\"name\":\"Tejas Borja\",\"url\":\"https:\\\/\\\/tejasborja.com\\\/fr\\\/\",\"logo\":{\"@type\":\"ImageObject\",\"inLanguage\":\"fr-FR\",\"@id\":\"https:\\\/\\\/tejasborja.com\\\/fr\\\/#\\\/schema\\\/logo\\\/image\\\/\",\"url\":\"https:\\\/\\\/tejasborja.com\\\/wp-content\\\/uploads\\\/2025\\\/08\\\/Logo-Tejas-Borja-Blanco-1.png\",\"contentUrl\":\"https:\\\/\\\/tejasborja.com\\\/wp-content\\\/uploads\\\/2025\\\/08\\\/Logo-Tejas-Borja-Blanco-1.png\",\"width\":150,\"height\":50,\"caption\":\"Tejas Borja\"},\"image\":{\"@id\":\"https:\\\/\\\/tejasborja.com\\\/fr\\\/#\\\/schema\\\/logo\\\/image\\\/\"}},{\"@type\":\"Person\",\"@id\":\"https:\\\/\\\/tejasborja.com\\\/fr\\\/#\\\/schema\\\/person\\\/4367574cae3c1f176ab3e3bd50b230bf\",\"name\":\"Estudio Numerico\",\"image\":{\"@type\":\"ImageObject\",\"inLanguage\":\"fr-FR\",\"@id\":\"https:\\\/\\\/secure.gravatar.com\\\/avatar\\\/6128c3541c8b03c9dd534ced4f6362f216e82a41bb621e9a91616afaefa1968c?s=96&d=mm&r=g\",\"url\":\"https:\\\/\\\/secure.gravatar.com\\\/avatar\\\/6128c3541c8b03c9dd534ced4f6362f216e82a41bb621e9a91616afaefa1968c?s=96&d=mm&r=g\",\"contentUrl\":\"https:\\\/\\\/secure.gravatar.com\\\/avatar\\\/6128c3541c8b03c9dd534ced4f6362f216e82a41bb621e9a91616afaefa1968c?s=96&d=mm&r=g\",\"caption\":\"Estudio Numerico\"}}]}<\/script>\n<!-- \/ Yoast SEO plugin. -->","yoast_head_json":{"title":"LUMI\u00c8RE SUR LES TOITS - Tejas Borja","robots":{"index":"index","follow":"follow","max-snippet":"max-snippet:-1","max-image-preview":"max-image-preview:large","max-video-preview":"max-video-preview:-1"},"canonical":"https:\/\/tejasborja.com\/fr\/la-luz-en-cubiertas\/","og_locale":"fr_FR","og_type":"article","og_title":"LUMI\u00c8RE SUR LES TOITS - Tejas Borja","og_description":"On a beaucoup parl\u00e9 des avantages du toit plat depuis son apparition lors du mouvement moderne, mais peu de choses ont \u00e9t\u00e9 dites sur les vertus du toit inclin\u00e9 en ce qui concerne l\u2019incorporation de la lumi\u00e8re.","og_url":"https:\/\/tejasborja.com\/fr\/la-luz-en-cubiertas\/","og_site_name":"Tejas Borja","article_published_time":"2019-05-16T06:14:00+00:00","article_modified_time":"2024-11-28T09:38:30+00:00","og_image":[{"width":768,"height":576,"url":"https:\/\/tejasborja.com\/wp-content\/uploads\/2024\/11\/image-12.jpeg","type":"image\/jpeg"}],"author":"Estudio Numerico","twitter_card":"summary_large_image","schema":{"@context":"https:\/\/schema.org","@graph":[{"@type":"Article","@id":"https:\/\/tejasborja.com\/fr\/la-luz-en-cubiertas\/#article","isPartOf":{"@id":"https:\/\/tejasborja.com\/fr\/la-luz-en-cubiertas\/"},"author":{"name":"Estudio Numerico","@id":"https:\/\/tejasborja.com\/fr\/#\/schema\/person\/4367574cae3c1f176ab3e3bd50b230bf"},"headline":"LUMI\u00c8RE SUR LES TOITS","datePublished":"2019-05-16T06:14:00+00:00","dateModified":"2024-11-28T09:38:30+00:00","mainEntityOfPage":{"@id":"https:\/\/tejasborja.com\/fr\/la-luz-en-cubiertas\/"},"wordCount":360,"commentCount":0,"publisher":{"@id":"https:\/\/tejasborja.com\/fr\/#organization"},"image":{"@id":"https:\/\/tejasborja.com\/fr\/la-luz-en-cubiertas\/#primaryimage"},"thumbnailUrl":"https:\/\/tejasborja.com\/wp-content\/uploads\/2024\/11\/image-12.jpeg","keywords":["Cubiertas inclinadas","Dise\u00f1o"],"articleSection":["Actualit\u00e9"],"inLanguage":"fr-FR","potentialAction":[{"@type":"CommentAction","name":"Comment","target":["https:\/\/tejasborja.com\/fr\/la-luz-en-cubiertas\/#respond"]}]},{"@type":"WebPage","@id":"https:\/\/tejasborja.com\/fr\/la-luz-en-cubiertas\/","url":"https:\/\/tejasborja.com\/fr\/la-luz-en-cubiertas\/","name":"LUMI\u00c8RE SUR LES TOITS - Tejas Borja","isPartOf":{"@id":"https:\/\/tejasborja.com\/fr\/#website"},"primaryImageOfPage":{"@id":"https:\/\/tejasborja.com\/fr\/la-luz-en-cubiertas\/#primaryimage"},"image":{"@id":"https:\/\/tejasborja.com\/fr\/la-luz-en-cubiertas\/#primaryimage"},"thumbnailUrl":"https:\/\/tejasborja.com\/wp-content\/uploads\/2024\/11\/image-12.jpeg","datePublished":"2019-05-16T06:14:00+00:00","dateModified":"2024-11-28T09:38:30+00:00","breadcrumb":{"@id":"https:\/\/tejasborja.com\/fr\/la-luz-en-cubiertas\/#breadcrumb"},"inLanguage":"fr-FR","potentialAction":[{"@type":"ReadAction","target":["https:\/\/tejasborja.com\/fr\/la-luz-en-cubiertas\/"]}]},{"@type":"ImageObject","inLanguage":"fr-FR","@id":"https:\/\/tejasborja.com\/fr\/la-luz-en-cubiertas\/#primaryimage","url":"https:\/\/tejasborja.com\/wp-content\/uploads\/2024\/11\/image-12.jpeg","contentUrl":"https:\/\/tejasborja.com\/wp-content\/uploads\/2024\/11\/image-12.jpeg","width":768,"height":576},{"@type":"BreadcrumbList","@id":"https:\/\/tejasborja.com\/fr\/la-luz-en-cubiertas\/#breadcrumb","itemListElement":[{"@type":"ListItem","position":1,"name":"Portada","item":"https:\/\/tejasborja.com\/fr\/"},{"@type":"ListItem","position":2,"name":"LUMI\u00c8RE SUR LES TOITS"}]},{"@type":"WebSite","@id":"https:\/\/tejasborja.com\/fr\/#website","url":"https:\/\/tejasborja.com\/fr\/","name":"Tejas Borja","description":"TEJAS BORJA la gama m\u00e1s amplia de tejas cer\u00e1micas del mercado. Especialistas en tejas mixtas, tejas planas y tejas curvas tanto para rehabilitaci\u00f3n de cubiertas como para tejados de obra nueva. Una marca con m\u00e1s de 110 a\u00f1os de experiencia....","publisher":{"@id":"https:\/\/tejasborja.com\/fr\/#organization"},"potentialAction":[{"@type":"SearchAction","target":{"@type":"EntryPoint","urlTemplate":"https:\/\/tejasborja.com\/fr\/?s={search_term_string}"},"query-input":{"@type":"PropertyValueSpecification","valueRequired":true,"valueName":"search_term_string"}}],"inLanguage":"fr-FR"},{"@type":"Organization","@id":"https:\/\/tejasborja.com\/fr\/#organization","name":"Tejas Borja","url":"https:\/\/tejasborja.com\/fr\/","logo":{"@type":"ImageObject","inLanguage":"fr-FR","@id":"https:\/\/tejasborja.com\/fr\/#\/schema\/logo\/image\/","url":"https:\/\/tejasborja.com\/wp-content\/uploads\/2025\/08\/Logo-Tejas-Borja-Blanco-1.png","contentUrl":"https:\/\/tejasborja.com\/wp-content\/uploads\/2025\/08\/Logo-Tejas-Borja-Blanco-1.png","width":150,"height":50,"caption":"Tejas Borja"},"image":{"@id":"https:\/\/tejasborja.com\/fr\/#\/schema\/logo\/image\/"}},{"@type":"Person","@id":"https:\/\/tejasborja.com\/fr\/#\/schema\/person\/4367574cae3c1f176ab3e3bd50b230bf","name":"Estudio Numerico","image":{"@type":"ImageObject","inLanguage":"fr-FR","@id":"https:\/\/secure.gravatar.com\/avatar\/6128c3541c8b03c9dd534ced4f6362f216e82a41bb621e9a91616afaefa1968c?s=96&d=mm&r=g","url":"https:\/\/secure.gravatar.com\/avatar\/6128c3541c8b03c9dd534ced4f6362f216e82a41bb621e9a91616afaefa1968c?s=96&d=mm&r=g","contentUrl":"https:\/\/secure.gravatar.com\/avatar\/6128c3541c8b03c9dd534ced4f6362f216e82a41bb621e9a91616afaefa1968c?s=96&d=mm&r=g","caption":"Estudio Numerico"}}]}},"_links":{"self":[{"href":"https:\/\/tejasborja.com\/fr\/wp-json\/wp\/v2\/posts\/44647","targetHints":{"allow":["GET"]}}],"collection":[{"href":"https:\/\/tejasborja.com\/fr\/wp-json\/wp\/v2\/posts"}],"about":[{"href":"https:\/\/tejasborja.com\/fr\/wp-json\/wp\/v2\/types\/post"}],"author":[{"embeddable":true,"href":"https:\/\/tejasborja.com\/fr\/wp-json\/wp\/v2\/users\/4"}],"replies":[{"embeddable":true,"href":"https:\/\/tejasborja.com\/fr\/wp-json\/wp\/v2\/comments?post=44647"}],"version-history":[{"count":0,"href":"https:\/\/tejasborja.com\/fr\/wp-json\/wp\/v2\/posts\/44647\/revisions"}],"wp:featuredmedia":[{"embeddable":true,"href":"https:\/\/tejasborja.com\/fr\/wp-json\/wp\/v2\/media\/32506"}],"wp:attachment":[{"href":"https:\/\/tejasborja.com\/fr\/wp-json\/wp\/v2\/media?parent=44647"}],"wp:term":[{"taxonomy":"category","embeddable":true,"href":"https:\/\/tejasborja.com\/fr\/wp-json\/wp\/v2\/categories?post=44647"},{"taxonomy":"post_tag","embeddable":true,"href":"https:\/\/tejasborja.com\/fr\/wp-json\/wp\/v2\/tags?post=44647"}],"curies":[{"name":"wp","href":"https:\/\/api.w.org\/{rel}","templated":true}]}}