{"id":44680,"date":"2019-01-07T08:44:00","date_gmt":"2019-01-07T07:44:00","guid":{"rendered":"https:\/\/tejasborja.com\/tejas-borja-en-bau-2019\/"},"modified":"2024-11-28T10:39:56","modified_gmt":"2024-11-28T09:39:56","slug":"tejas-borja-en-bau-2019","status":"publish","type":"post","link":"https:\/\/tejasborja.com\/fr\/tejas-borja-en-bau-2019\/","title":{"rendered":"Tejas Borja en BAU 2019"},"content":{"rendered":"\n<figure class=\"wp-block-image\"><a href=\"https:\/\/tejasborja.com\/wp-content\/uploads\/2019\/01\/TEJAS-BORJAenBAU2019-1.jpg\"><img decoding=\"async\" width=\"980\" height=\"504\" data-src=\"https:\/\/tejasborja.com\/wp-content\/uploads\/2024\/11\/image-27.jpeg\" alt=\"TEJAS-BORJAenBAU2019\" class=\"wp-image-32694 lazyload\" title=\"TEJAS-BORJAenBAU2019\" data-srcset=\"https:\/\/tejasborja.com\/wp-content\/uploads\/2024\/11\/image-27.jpeg 980w, https:\/\/tejasborja.com\/wp-content\/uploads\/2024\/11\/image-27-300x154.jpeg 300w, https:\/\/tejasborja.com\/wp-content\/uploads\/2024\/11\/image-27-768x395.jpeg 768w\" data-sizes=\"(max-width: 980px) 100vw, 980px\" src=\"data:image\/svg+xml;base64,PHN2ZyB3aWR0aD0iMSIgaGVpZ2h0PSIxIiB4bWxucz0iaHR0cDovL3d3dy53My5vcmcvMjAwMC9zdmciPjwvc3ZnPg==\" style=\"--smush-placeholder-width: 980px; --smush-placeholder-aspect-ratio: 980\/504;\" \/><\/a><\/figure>\n\n\n\n<h2 class=\"wp-block-heading\"><strong>Tejas Borja sera pr\u00e9sent durant le salon BAU 2019, qui se tiendra du 14 au 19 janvier au parc des expositions de Munich (Allemagne).<\/strong><\/h2>\n\n\n\n<p><strong>BAU<\/strong>&nbsp;est le plus grand \u00e9v\u00e9nement international pour l\u2019architecture, les mat\u00e9riaux de construction et les syst\u00e8mes innovants. Durant la pr\u00e9c\u00e9dente \u00e9dition de 2017, le nombre de visiteurs a d\u00e9pass\u00e9 les 250.000.<\/p>\n\n\n\n<p>Tejas Borja pr\u00e9sentera les nouveaut\u00e9s r\u00e9centes de la marque, avec en t\u00eate la gamme de tuiles d\u00e9coration num\u00e9rique InkJet&nbsp;<strong>#BorjaJET<\/strong>, avec laquelle des produits uniques ont \u00e9t\u00e9 d\u00e9velopp\u00e9s au niveau mondial, en ce qui concerne la d\u00e9coration des tuiles c\u00e9ramiques.<\/p>\n\n\n\n<p>De plus, les nouveaux formats de la gamme&nbsp;<strong>#BorjaTECH<\/strong>, tr\u00e8s appr\u00e9ci\u00e9s sur les march\u00e9s europ\u00e9ens gr\u00e2ce \u00e0 leur syst\u00e8me de fabrication avec moules en pl\u00e2tre et en H-Cassette, seront pr\u00e9sent\u00e9s.<\/p>\n\n\n\n<p>Enfin, le syst\u00e8me d\u2019isolation de toiture \u00e0 haut rendement \u00e9nerg\u00e9tique&nbsp;<strong>#BORJATHERM<\/strong>&nbsp;constituera l\u2019innovation technique de l\u2019entreprise dans le domaine des syst\u00e8mes les plus performants&nbsp; en terme de toiture.<\/p>\n\n\n\n<p>Rendez-nous visite sur le&nbsp;<strong>stand 50 &nbsp;Hall A3.<\/strong><\/p>\n","protected":false},"excerpt":{"rendered":"<p>Tejas Borja sera pr\u00e9sent durant le salon BAU 2019, qui se tiendra du 14 au 19 janvier au parc des expositions de Munich (Allemagne).<\/p>\n","protected":false},"author":4,"featured_media":32698,"comment_status":"open","ping_status":"closed","sticky":false,"template":"","format":"standard","meta":{"_acf_changed":false,"_eb_attr":"","footnotes":""},"categories":[538],"tags":[],"class_list":["post-44680","post","type-post","status-publish","format-standard","has-post-thumbnail","hentry","category-l-evenement"],"acf":[],"yoast_head":"<!-- This site is optimized with the Yoast SEO plugin v27.3 - https:\/\/yoast.com\/product\/yoast-seo-wordpress\/ -->\n<title>Tejas Borja en BAU 2019 - Tejas Borja<\/title>\n<meta name=\"robots\" content=\"index, follow, max-snippet:-1, max-image-preview:large, max-video-preview:-1\" \/>\n<link rel=\"canonical\" href=\"https:\/\/tejasborja.com\/fr\/tejas-borja-en-bau-2019\/\" \/>\n<meta property=\"og:locale\" content=\"fr_FR\" \/>\n<meta property=\"og:type\" content=\"article\" \/>\n<meta property=\"og:title\" content=\"Tejas Borja en BAU 2019 - Tejas Borja\" \/>\n<meta property=\"og:description\" content=\"Tejas Borja sera pr\u00e9sent durant le salon BAU 2019, qui se tiendra du 14 au 19 janvier au parc des expositions de Munich (Allemagne).\" \/>\n<meta property=\"og:url\" content=\"https:\/\/tejasborja.com\/fr\/tejas-borja-en-bau-2019\/\" \/>\n<meta property=\"og:site_name\" content=\"Tejas Borja\" \/>\n<meta property=\"article:published_time\" content=\"2019-01-07T07:44:00+00:00\" \/>\n<meta property=\"article:modified_time\" content=\"2024-11-28T09:39:56+00:00\" \/>\n<meta property=\"og:image\" content=\"https:\/\/tejasborja.com\/wp-content\/uploads\/2024\/11\/image-27.jpeg\" \/>\n\t<meta property=\"og:image:width\" content=\"980\" \/>\n\t<meta property=\"og:image:height\" content=\"504\" \/>\n\t<meta property=\"og:image:type\" content=\"image\/jpeg\" \/>\n<meta name=\"author\" content=\"Estudio Numerico\" \/>\n<meta name=\"twitter:card\" content=\"summary_large_image\" \/>\n<script type=\"application\/ld+json\" class=\"yoast-schema-graph\">{\"@context\":\"https:\\\/\\\/schema.org\",\"@graph\":[{\"@type\":\"Article\",\"@id\":\"https:\\\/\\\/tejasborja.com\\\/fr\\\/tejas-borja-en-bau-2019\\\/#article\",\"isPartOf\":{\"@id\":\"https:\\\/\\\/tejasborja.com\\\/fr\\\/tejas-borja-en-bau-2019\\\/\"},\"author\":{\"name\":\"Estudio Numerico\",\"@id\":\"https:\\\/\\\/tejasborja.com\\\/fr\\\/#\\\/schema\\\/person\\\/4367574cae3c1f176ab3e3bd50b230bf\"},\"headline\":\"Tejas Borja en BAU 2019\",\"datePublished\":\"2019-01-07T07:44:00+00:00\",\"dateModified\":\"2024-11-28T09:39:56+00:00\",\"mainEntityOfPage\":{\"@id\":\"https:\\\/\\\/tejasborja.com\\\/fr\\\/tejas-borja-en-bau-2019\\\/\"},\"wordCount\":199,\"commentCount\":0,\"publisher\":{\"@id\":\"https:\\\/\\\/tejasborja.com\\\/fr\\\/#organization\"},\"image\":{\"@id\":\"https:\\\/\\\/tejasborja.com\\\/fr\\\/tejas-borja-en-bau-2019\\\/#primaryimage\"},\"thumbnailUrl\":\"https:\\\/\\\/tejasborja.com\\\/wp-content\\\/uploads\\\/2024\\\/11\\\/image-27.jpeg\",\"articleSection\":[\"L&#039;\u00e9v\u00e9nement\"],\"inLanguage\":\"fr-FR\",\"potentialAction\":[{\"@type\":\"CommentAction\",\"name\":\"Comment\",\"target\":[\"https:\\\/\\\/tejasborja.com\\\/fr\\\/tejas-borja-en-bau-2019\\\/#respond\"]}]},{\"@type\":\"WebPage\",\"@id\":\"https:\\\/\\\/tejasborja.com\\\/fr\\\/tejas-borja-en-bau-2019\\\/\",\"url\":\"https:\\\/\\\/tejasborja.com\\\/fr\\\/tejas-borja-en-bau-2019\\\/\",\"name\":\"Tejas Borja en BAU 2019 - Tejas Borja\",\"isPartOf\":{\"@id\":\"https:\\\/\\\/tejasborja.com\\\/fr\\\/#website\"},\"primaryImageOfPage\":{\"@id\":\"https:\\\/\\\/tejasborja.com\\\/fr\\\/tejas-borja-en-bau-2019\\\/#primaryimage\"},\"image\":{\"@id\":\"https:\\\/\\\/tejasborja.com\\\/fr\\\/tejas-borja-en-bau-2019\\\/#primaryimage\"},\"thumbnailUrl\":\"https:\\\/\\\/tejasborja.com\\\/wp-content\\\/uploads\\\/2024\\\/11\\\/image-27.jpeg\",\"datePublished\":\"2019-01-07T07:44:00+00:00\",\"dateModified\":\"2024-11-28T09:39:56+00:00\",\"breadcrumb\":{\"@id\":\"https:\\\/\\\/tejasborja.com\\\/fr\\\/tejas-borja-en-bau-2019\\\/#breadcrumb\"},\"inLanguage\":\"fr-FR\",\"potentialAction\":[{\"@type\":\"ReadAction\",\"target\":[\"https:\\\/\\\/tejasborja.com\\\/fr\\\/tejas-borja-en-bau-2019\\\/\"]}]},{\"@type\":\"ImageObject\",\"inLanguage\":\"fr-FR\",\"@id\":\"https:\\\/\\\/tejasborja.com\\\/fr\\\/tejas-borja-en-bau-2019\\\/#primaryimage\",\"url\":\"https:\\\/\\\/tejasborja.com\\\/wp-content\\\/uploads\\\/2024\\\/11\\\/image-27.jpeg\",\"contentUrl\":\"https:\\\/\\\/tejasborja.com\\\/wp-content\\\/uploads\\\/2024\\\/11\\\/image-27.jpeg\",\"width\":980,\"height\":504},{\"@type\":\"BreadcrumbList\",\"@id\":\"https:\\\/\\\/tejasborja.com\\\/fr\\\/tejas-borja-en-bau-2019\\\/#breadcrumb\",\"itemListElement\":[{\"@type\":\"ListItem\",\"position\":1,\"name\":\"Portada\",\"item\":\"https:\\\/\\\/tejasborja.com\\\/fr\\\/\"},{\"@type\":\"ListItem\",\"position\":2,\"name\":\"Tejas Borja en BAU 2019\"}]},{\"@type\":\"WebSite\",\"@id\":\"https:\\\/\\\/tejasborja.com\\\/fr\\\/#website\",\"url\":\"https:\\\/\\\/tejasborja.com\\\/fr\\\/\",\"name\":\"Tejas Borja\",\"description\":\"TEJAS BORJA la gama m\u00e1s amplia de tejas cer\u00e1micas del mercado. Especialistas en tejas mixtas, tejas planas y tejas curvas tanto para rehabilitaci\u00f3n de cubiertas como para tejados de obra nueva. Una marca con m\u00e1s de 110 a\u00f1os de experiencia....\",\"publisher\":{\"@id\":\"https:\\\/\\\/tejasborja.com\\\/fr\\\/#organization\"},\"potentialAction\":[{\"@type\":\"SearchAction\",\"target\":{\"@type\":\"EntryPoint\",\"urlTemplate\":\"https:\\\/\\\/tejasborja.com\\\/fr\\\/?s={search_term_string}\"},\"query-input\":{\"@type\":\"PropertyValueSpecification\",\"valueRequired\":true,\"valueName\":\"search_term_string\"}}],\"inLanguage\":\"fr-FR\"},{\"@type\":\"Organization\",\"@id\":\"https:\\\/\\\/tejasborja.com\\\/fr\\\/#organization\",\"name\":\"Tejas Borja\",\"url\":\"https:\\\/\\\/tejasborja.com\\\/fr\\\/\",\"logo\":{\"@type\":\"ImageObject\",\"inLanguage\":\"fr-FR\",\"@id\":\"https:\\\/\\\/tejasborja.com\\\/fr\\\/#\\\/schema\\\/logo\\\/image\\\/\",\"url\":\"https:\\\/\\\/tejasborja.com\\\/wp-content\\\/uploads\\\/2025\\\/08\\\/Logo-Tejas-Borja-Blanco-1.png\",\"contentUrl\":\"https:\\\/\\\/tejasborja.com\\\/wp-content\\\/uploads\\\/2025\\\/08\\\/Logo-Tejas-Borja-Blanco-1.png\",\"width\":150,\"height\":50,\"caption\":\"Tejas Borja\"},\"image\":{\"@id\":\"https:\\\/\\\/tejasborja.com\\\/fr\\\/#\\\/schema\\\/logo\\\/image\\\/\"}},{\"@type\":\"Person\",\"@id\":\"https:\\\/\\\/tejasborja.com\\\/fr\\\/#\\\/schema\\\/person\\\/4367574cae3c1f176ab3e3bd50b230bf\",\"name\":\"Estudio Numerico\",\"image\":{\"@type\":\"ImageObject\",\"inLanguage\":\"fr-FR\",\"@id\":\"https:\\\/\\\/secure.gravatar.com\\\/avatar\\\/6128c3541c8b03c9dd534ced4f6362f216e82a41bb621e9a91616afaefa1968c?s=96&d=mm&r=g\",\"url\":\"https:\\\/\\\/secure.gravatar.com\\\/avatar\\\/6128c3541c8b03c9dd534ced4f6362f216e82a41bb621e9a91616afaefa1968c?s=96&d=mm&r=g\",\"contentUrl\":\"https:\\\/\\\/secure.gravatar.com\\\/avatar\\\/6128c3541c8b03c9dd534ced4f6362f216e82a41bb621e9a91616afaefa1968c?s=96&d=mm&r=g\",\"caption\":\"Estudio Numerico\"}}]}<\/script>\n<!-- \/ Yoast SEO plugin. -->","yoast_head_json":{"title":"Tejas Borja en BAU 2019 - Tejas Borja","robots":{"index":"index","follow":"follow","max-snippet":"max-snippet:-1","max-image-preview":"max-image-preview:large","max-video-preview":"max-video-preview:-1"},"canonical":"https:\/\/tejasborja.com\/fr\/tejas-borja-en-bau-2019\/","og_locale":"fr_FR","og_type":"article","og_title":"Tejas Borja en BAU 2019 - Tejas Borja","og_description":"Tejas Borja sera pr\u00e9sent durant le salon BAU 2019, qui se tiendra du 14 au 19 janvier au parc des expositions de Munich (Allemagne).","og_url":"https:\/\/tejasborja.com\/fr\/tejas-borja-en-bau-2019\/","og_site_name":"Tejas Borja","article_published_time":"2019-01-07T07:44:00+00:00","article_modified_time":"2024-11-28T09:39:56+00:00","og_image":[{"width":980,"height":504,"url":"https:\/\/tejasborja.com\/wp-content\/uploads\/2024\/11\/image-27.jpeg","type":"image\/jpeg"}],"author":"Estudio Numerico","twitter_card":"summary_large_image","schema":{"@context":"https:\/\/schema.org","@graph":[{"@type":"Article","@id":"https:\/\/tejasborja.com\/fr\/tejas-borja-en-bau-2019\/#article","isPartOf":{"@id":"https:\/\/tejasborja.com\/fr\/tejas-borja-en-bau-2019\/"},"author":{"name":"Estudio Numerico","@id":"https:\/\/tejasborja.com\/fr\/#\/schema\/person\/4367574cae3c1f176ab3e3bd50b230bf"},"headline":"Tejas Borja en BAU 2019","datePublished":"2019-01-07T07:44:00+00:00","dateModified":"2024-11-28T09:39:56+00:00","mainEntityOfPage":{"@id":"https:\/\/tejasborja.com\/fr\/tejas-borja-en-bau-2019\/"},"wordCount":199,"commentCount":0,"publisher":{"@id":"https:\/\/tejasborja.com\/fr\/#organization"},"image":{"@id":"https:\/\/tejasborja.com\/fr\/tejas-borja-en-bau-2019\/#primaryimage"},"thumbnailUrl":"https:\/\/tejasborja.com\/wp-content\/uploads\/2024\/11\/image-27.jpeg","articleSection":["L&#039;\u00e9v\u00e9nement"],"inLanguage":"fr-FR","potentialAction":[{"@type":"CommentAction","name":"Comment","target":["https:\/\/tejasborja.com\/fr\/tejas-borja-en-bau-2019\/#respond"]}]},{"@type":"WebPage","@id":"https:\/\/tejasborja.com\/fr\/tejas-borja-en-bau-2019\/","url":"https:\/\/tejasborja.com\/fr\/tejas-borja-en-bau-2019\/","name":"Tejas Borja en BAU 2019 - Tejas Borja","isPartOf":{"@id":"https:\/\/tejasborja.com\/fr\/#website"},"primaryImageOfPage":{"@id":"https:\/\/tejasborja.com\/fr\/tejas-borja-en-bau-2019\/#primaryimage"},"image":{"@id":"https:\/\/tejasborja.com\/fr\/tejas-borja-en-bau-2019\/#primaryimage"},"thumbnailUrl":"https:\/\/tejasborja.com\/wp-content\/uploads\/2024\/11\/image-27.jpeg","datePublished":"2019-01-07T07:44:00+00:00","dateModified":"2024-11-28T09:39:56+00:00","breadcrumb":{"@id":"https:\/\/tejasborja.com\/fr\/tejas-borja-en-bau-2019\/#breadcrumb"},"inLanguage":"fr-FR","potentialAction":[{"@type":"ReadAction","target":["https:\/\/tejasborja.com\/fr\/tejas-borja-en-bau-2019\/"]}]},{"@type":"ImageObject","inLanguage":"fr-FR","@id":"https:\/\/tejasborja.com\/fr\/tejas-borja-en-bau-2019\/#primaryimage","url":"https:\/\/tejasborja.com\/wp-content\/uploads\/2024\/11\/image-27.jpeg","contentUrl":"https:\/\/tejasborja.com\/wp-content\/uploads\/2024\/11\/image-27.jpeg","width":980,"height":504},{"@type":"BreadcrumbList","@id":"https:\/\/tejasborja.com\/fr\/tejas-borja-en-bau-2019\/#breadcrumb","itemListElement":[{"@type":"ListItem","position":1,"name":"Portada","item":"https:\/\/tejasborja.com\/fr\/"},{"@type":"ListItem","position":2,"name":"Tejas Borja en BAU 2019"}]},{"@type":"WebSite","@id":"https:\/\/tejasborja.com\/fr\/#website","url":"https:\/\/tejasborja.com\/fr\/","name":"Tejas Borja","description":"TEJAS BORJA la gama m\u00e1s amplia de tejas cer\u00e1micas del mercado. Especialistas en tejas mixtas, tejas planas y tejas curvas tanto para rehabilitaci\u00f3n de cubiertas como para tejados de obra nueva. Una marca con m\u00e1s de 110 a\u00f1os de experiencia....","publisher":{"@id":"https:\/\/tejasborja.com\/fr\/#organization"},"potentialAction":[{"@type":"SearchAction","target":{"@type":"EntryPoint","urlTemplate":"https:\/\/tejasborja.com\/fr\/?s={search_term_string}"},"query-input":{"@type":"PropertyValueSpecification","valueRequired":true,"valueName":"search_term_string"}}],"inLanguage":"fr-FR"},{"@type":"Organization","@id":"https:\/\/tejasborja.com\/fr\/#organization","name":"Tejas Borja","url":"https:\/\/tejasborja.com\/fr\/","logo":{"@type":"ImageObject","inLanguage":"fr-FR","@id":"https:\/\/tejasborja.com\/fr\/#\/schema\/logo\/image\/","url":"https:\/\/tejasborja.com\/wp-content\/uploads\/2025\/08\/Logo-Tejas-Borja-Blanco-1.png","contentUrl":"https:\/\/tejasborja.com\/wp-content\/uploads\/2025\/08\/Logo-Tejas-Borja-Blanco-1.png","width":150,"height":50,"caption":"Tejas Borja"},"image":{"@id":"https:\/\/tejasborja.com\/fr\/#\/schema\/logo\/image\/"}},{"@type":"Person","@id":"https:\/\/tejasborja.com\/fr\/#\/schema\/person\/4367574cae3c1f176ab3e3bd50b230bf","name":"Estudio Numerico","image":{"@type":"ImageObject","inLanguage":"fr-FR","@id":"https:\/\/secure.gravatar.com\/avatar\/6128c3541c8b03c9dd534ced4f6362f216e82a41bb621e9a91616afaefa1968c?s=96&d=mm&r=g","url":"https:\/\/secure.gravatar.com\/avatar\/6128c3541c8b03c9dd534ced4f6362f216e82a41bb621e9a91616afaefa1968c?s=96&d=mm&r=g","contentUrl":"https:\/\/secure.gravatar.com\/avatar\/6128c3541c8b03c9dd534ced4f6362f216e82a41bb621e9a91616afaefa1968c?s=96&d=mm&r=g","caption":"Estudio Numerico"}}]}},"_links":{"self":[{"href":"https:\/\/tejasborja.com\/fr\/wp-json\/wp\/v2\/posts\/44680","targetHints":{"allow":["GET"]}}],"collection":[{"href":"https:\/\/tejasborja.com\/fr\/wp-json\/wp\/v2\/posts"}],"about":[{"href":"https:\/\/tejasborja.com\/fr\/wp-json\/wp\/v2\/types\/post"}],"author":[{"embeddable":true,"href":"https:\/\/tejasborja.com\/fr\/wp-json\/wp\/v2\/users\/4"}],"replies":[{"embeddable":true,"href":"https:\/\/tejasborja.com\/fr\/wp-json\/wp\/v2\/comments?post=44680"}],"version-history":[{"count":0,"href":"https:\/\/tejasborja.com\/fr\/wp-json\/wp\/v2\/posts\/44680\/revisions"}],"wp:featuredmedia":[{"embeddable":true,"href":"https:\/\/tejasborja.com\/fr\/wp-json\/wp\/v2\/media\/32698"}],"wp:attachment":[{"href":"https:\/\/tejasborja.com\/fr\/wp-json\/wp\/v2\/media?parent=44680"}],"wp:term":[{"taxonomy":"category","embeddable":true,"href":"https:\/\/tejasborja.com\/fr\/wp-json\/wp\/v2\/categories?post=44680"},{"taxonomy":"post_tag","embeddable":true,"href":"https:\/\/tejasborja.com\/fr\/wp-json\/wp\/v2\/tags?post=44680"}],"curies":[{"name":"wp","href":"https:\/\/api.w.org\/{rel}","templated":true}]}}