{"id":44815,"date":"2016-11-08T10:23:00","date_gmt":"2016-11-08T09:23:00","guid":{"rendered":"https:\/\/tejasborja.com\/?p=44815"},"modified":"2024-11-28T10:48:07","modified_gmt":"2024-11-28T09:48:07","slug":"construction-du-plus-grand-hotel-bio-passif-en-bois-despagne","status":"publish","type":"post","link":"https:\/\/tejasborja.com\/fr\/construction-du-plus-grand-hotel-bio-passif-en-bois-despagne\/","title":{"rendered":"Construction du plus grand h\u00f4tel bio-passif en bois d\u2019Espagne"},"content":{"rendered":"\n<h4 class=\"wp-block-heading\"><strong>Le premier b\u00e2timent bio-passif en bois d\u2019Espagne sera situ\u00e9 dans les Asturies et r\u00e9alis\u00e9 par Kuusamo.<\/strong><\/h4>\n\n\n\n<p>Dans la commune de&nbsp;<strong>Cuerres<\/strong>, qui appartient \u00e0 la municipalit\u00e9 de Ribadesella a \u00e9t\u00e9 \u00e9difi\u00e9 le\u2018<strong><a href=\"http:\/\/www.reposodelandayon.com\/\" target=\"_blank\" rel=\"noreferrer noopener\">Reposo del Anday\u00f3n<\/a><\/strong>\u2019, un g\u00eete rural bio-passif de cinq chambres qui, en outre, dispose d\u2019une partie qui fait office d\u2019auberge pour les p\u00e8lerins transitant par cette commune situ\u00e9e sur le parcours du chemin de Compostelle de la c\u00f4te Cantabrique au d\u00e9part d\u2019Irun. Le complexe comprend \u00e9galement des arbres fruitiers et un potager bio, ainsi qu\u2019un poulailler, afin d\u2019obtenir des produits pour les h\u00f4tes et le personnel.<\/p>\n\n\n\n<p>La particularit\u00e9 de cette nouvelle construction d\u2019une superficie de plus de 800 m2 est d\u2019avoir \u00e9t\u00e9 r\u00e9alis\u00e9e suivant les lignes directrices de l\u2019architecture bio-passive, selon les crit\u00e8res d\u2019une construction pariant sur la durabilit\u00e9, exempte de substances toxiques ou polluantes, saine et en harmonie avec l\u2019environnement qui l\u2019entoure. Signalons que ce nouveau projet figure parmi les b\u00e2timents avec structure en bois les plus grands d\u2019Espagne.<\/p>\n\n\n\n<p>Des syst\u00e8mes de production de bio\u00e9nergie ont \u00e9t\u00e9 mis en place, tels que des moulins pour transformer la force du vent en \u00e9nergie ou des chaudi\u00e8res de biomasse pour \u00e9viter l\u2019emploi de combustibles fossiles comme le gaz ou le gasoil.<\/p>\n\n\n\n<p>Le mat\u00e9riel structurel qui a \u00e9t\u00e9 utilis\u00e9 est le pin rouge finlandais, \u00e9galement employ\u00e9 pour les rev\u00eatements et l\u2019isolation sous diff\u00e9rentes formes et formats. Quant \u00e0 la finition ext\u00e9rieure, elle a \u00e9t\u00e9 renforc\u00e9e par un enduit de chaux combin\u00e9 \u00e0 du silicate, afin de conf\u00e9rer r\u00e9sistance et imperm\u00e9abilit\u00e9, tout en permettant que la construction transpire.<br>Pour les couvertures de ce b\u00e2timent bio-passif des tuiles c\u00e9ramiques ont \u00e9t\u00e9 utilis\u00e9es, un produit 100% recyclable fabriqu\u00e9 \u00e0 base d\u2019argile. Dans ce cas pr\u00e9cis, il s\u2019agit du mod\u00e8le de&nbsp;<a href=\"https:\/\/tejasborja.com\/fr\/tuile\/tb-10\/\" target=\"_blank\" rel=\"noreferrer noopener\">tuile mixte TB-10<\/a>&nbsp;de finition&nbsp;<a href=\"https:\/\/tejasborja.com\/fr\/finition\/fosca\/\" target=\"_blank\" rel=\"noreferrer noopener\">Fosca<\/a>, de Tejas Borja.<\/p>\n\n\n\n<p>A sein de l\u2019entreprise nous sommes tr\u00e8s satisfaits que nos tuiles soient choisies pour ce type de projets innovateurs r\u00e9alis\u00e9s chez nous, hautement performants et b\u00e9n\u00e9fiques, contribuant au respect de l\u2019environnement et construits en harmonie avec le milieu naturel qui les entoure.<\/p>\n\n\n\n<p>La propri\u00e9taire et promotrice du projet bio-passif \u2018<strong>Reposo del Anday\u00f3n<\/strong>\u2019, Katrine Duerinckx, est une citoyenne franco-belge, amatrice du chemin de Compostelle qui a d\u00e9cid\u00e9 de commencer ce projet apr\u00e8s avoir v\u00e9cu 30 ans dans la province de Murcie.<\/p>\n\n\n\n<figure class=\"wp-block-image\"><img decoding=\"async\" data-src=\"https:\/\/tejasborja.com\/wp-content\/uploads\/2016\/11\/Reposo-del-Andayn_Hotel-Biopasivo.jpg\" alt=\"El hotel de madera biopasivo m\u00e1s grande de Espa\u00f1a\" class=\"wp-image-21833 lazyload\" title=\"Katrine Duerinckx (Reposo del Anday\u00f3n)\" src=\"data:image\/svg+xml;base64,PHN2ZyB3aWR0aD0iMSIgaGVpZ2h0PSIxIiB4bWxucz0iaHR0cDovL3d3dy53My5vcmcvMjAwMC9zdmciPjwvc3ZnPg==\" \/><\/figure>\n\n\n\n<p>Le projet a \u00e9t\u00e9 r\u00e9alis\u00e9 par la soci\u00e9t\u00e9&nbsp;<strong><a href=\"http:\/\/baransu.net\/\" target=\"_blank\" rel=\"noreferrer noopener\">Baransu<\/a><\/strong>, sp\u00e9cialis\u00e9e dans la construction d\u2019habitations passives et distributeur officiel en Espagne de&nbsp;<strong><a href=\"http:\/\/www.kuusamohouses.com\/es\/\" target=\"_blank\" rel=\"noreferrer noopener\">Kuusamo Log Houses<\/a><\/strong>, une des entreprises les plus prestigieuses du secteur.<\/p>\n\n\n\n<p>Ce type de logements, commun\u00e9ment appel\u00e9s \u00e9cotourisme, est de plus en plus demand\u00e9. Il a comme fondement la protection de l\u2019environnement et la durabilit\u00e9.<\/p>\n\n\n\n<p>Le \u2018<strong>Reposo del Anday\u00f3n<\/strong>\u2019 a \u00e9t\u00e9 \u00e9voqu\u00e9 dans plusieurs \u00e9missions de la radio-t\u00e9l\u00e9vision espagnole RTVE, vantant ses avantages et vertus et d\u00e9montrant l\u2019essor de ce type de construction hautement performante.<\/p>\n","protected":false},"excerpt":{"rendered":"<p>Le premier b\u00e2timent bio-passif en bois d\u2019Espagne sera situ\u00e9 dans les Asturies et r\u00e9alis\u00e9 par Kuusamo.<\/p>\n","protected":false},"author":4,"featured_media":46400,"comment_status":"open","ping_status":"closed","sticky":false,"template":"","format":"standard","meta":{"_acf_changed":false,"_eb_attr":"","footnotes":""},"categories":[2],"tags":[],"class_list":["post-44815","post","type-post","status-publish","format-standard","has-post-thumbnail","hentry","category-non-classifiee"],"acf":[],"yoast_head":"<!-- This site is optimized with the Yoast SEO plugin v27.3 - https:\/\/yoast.com\/product\/yoast-seo-wordpress\/ -->\n<title>Construction du plus grand h\u00f4tel bio-passif en bois d\u2019Espagne - Tejas Borja<\/title>\n<meta name=\"robots\" content=\"index, follow, max-snippet:-1, max-image-preview:large, max-video-preview:-1\" \/>\n<link rel=\"canonical\" href=\"https:\/\/tejasborja.com\/fr\/construction-du-plus-grand-hotel-bio-passif-en-bois-despagne\/\" \/>\n<meta property=\"og:locale\" content=\"fr_FR\" \/>\n<meta property=\"og:type\" content=\"article\" \/>\n<meta property=\"og:title\" content=\"Construction du plus grand h\u00f4tel bio-passif en bois d\u2019Espagne - Tejas Borja\" \/>\n<meta property=\"og:description\" content=\"Le premier b\u00e2timent bio-passif en bois d\u2019Espagne sera situ\u00e9 dans les Asturies et r\u00e9alis\u00e9 par Kuusamo.\" \/>\n<meta property=\"og:url\" content=\"https:\/\/tejasborja.com\/fr\/construction-du-plus-grand-hotel-bio-passif-en-bois-despagne\/\" \/>\n<meta property=\"og:site_name\" content=\"Tejas Borja\" \/>\n<meta property=\"article:published_time\" content=\"2016-11-08T09:23:00+00:00\" \/>\n<meta property=\"article:modified_time\" content=\"2024-11-28T09:48:07+00:00\" \/>\n<meta property=\"og:image\" content=\"https:\/\/tejasborja.com\/wp-content\/uploads\/2024\/11\/Reposo-del-Andayn_Hotel-Biopasivo.jpg\" \/>\n\t<meta property=\"og:image:width\" content=\"800\" \/>\n\t<meta property=\"og:image:height\" content=\"600\" \/>\n\t<meta property=\"og:image:type\" content=\"image\/jpeg\" \/>\n<meta name=\"author\" content=\"Estudio Numerico\" \/>\n<meta name=\"twitter:card\" content=\"summary_large_image\" \/>\n<script type=\"application\/ld+json\" class=\"yoast-schema-graph\">{\"@context\":\"https:\\\/\\\/schema.org\",\"@graph\":[{\"@type\":\"Article\",\"@id\":\"https:\\\/\\\/tejasborja.com\\\/fr\\\/construction-du-plus-grand-hotel-bio-passif-en-bois-despagne\\\/#article\",\"isPartOf\":{\"@id\":\"https:\\\/\\\/tejasborja.com\\\/fr\\\/construction-du-plus-grand-hotel-bio-passif-en-bois-despagne\\\/\"},\"author\":{\"name\":\"Estudio Numerico\",\"@id\":\"https:\\\/\\\/tejasborja.com\\\/fr\\\/#\\\/schema\\\/person\\\/4367574cae3c1f176ab3e3bd50b230bf\"},\"headline\":\"Construction du plus grand h\u00f4tel bio-passif en bois d\u2019Espagne\",\"datePublished\":\"2016-11-08T09:23:00+00:00\",\"dateModified\":\"2024-11-28T09:48:07+00:00\",\"mainEntityOfPage\":{\"@id\":\"https:\\\/\\\/tejasborja.com\\\/fr\\\/construction-du-plus-grand-hotel-bio-passif-en-bois-despagne\\\/\"},\"wordCount\":543,\"commentCount\":0,\"publisher\":{\"@id\":\"https:\\\/\\\/tejasborja.com\\\/fr\\\/#organization\"},\"image\":{\"@id\":\"https:\\\/\\\/tejasborja.com\\\/fr\\\/construction-du-plus-grand-hotel-bio-passif-en-bois-despagne\\\/#primaryimage\"},\"thumbnailUrl\":\"https:\\\/\\\/tejasborja.com\\\/wp-content\\\/uploads\\\/2024\\\/11\\\/Reposo-del-Andayn_Hotel-Biopasivo.jpg\",\"articleSection\":[\"Non classifi\u00e9(e)\"],\"inLanguage\":\"fr-FR\",\"potentialAction\":[{\"@type\":\"CommentAction\",\"name\":\"Comment\",\"target\":[\"https:\\\/\\\/tejasborja.com\\\/fr\\\/construction-du-plus-grand-hotel-bio-passif-en-bois-despagne\\\/#respond\"]}]},{\"@type\":\"WebPage\",\"@id\":\"https:\\\/\\\/tejasborja.com\\\/fr\\\/construction-du-plus-grand-hotel-bio-passif-en-bois-despagne\\\/\",\"url\":\"https:\\\/\\\/tejasborja.com\\\/fr\\\/construction-du-plus-grand-hotel-bio-passif-en-bois-despagne\\\/\",\"name\":\"Construction du plus grand h\u00f4tel bio-passif en bois d\u2019Espagne - Tejas Borja\",\"isPartOf\":{\"@id\":\"https:\\\/\\\/tejasborja.com\\\/fr\\\/#website\"},\"primaryImageOfPage\":{\"@id\":\"https:\\\/\\\/tejasborja.com\\\/fr\\\/construction-du-plus-grand-hotel-bio-passif-en-bois-despagne\\\/#primaryimage\"},\"image\":{\"@id\":\"https:\\\/\\\/tejasborja.com\\\/fr\\\/construction-du-plus-grand-hotel-bio-passif-en-bois-despagne\\\/#primaryimage\"},\"thumbnailUrl\":\"https:\\\/\\\/tejasborja.com\\\/wp-content\\\/uploads\\\/2024\\\/11\\\/Reposo-del-Andayn_Hotel-Biopasivo.jpg\",\"datePublished\":\"2016-11-08T09:23:00+00:00\",\"dateModified\":\"2024-11-28T09:48:07+00:00\",\"breadcrumb\":{\"@id\":\"https:\\\/\\\/tejasborja.com\\\/fr\\\/construction-du-plus-grand-hotel-bio-passif-en-bois-despagne\\\/#breadcrumb\"},\"inLanguage\":\"fr-FR\",\"potentialAction\":[{\"@type\":\"ReadAction\",\"target\":[\"https:\\\/\\\/tejasborja.com\\\/fr\\\/construction-du-plus-grand-hotel-bio-passif-en-bois-despagne\\\/\"]}]},{\"@type\":\"ImageObject\",\"inLanguage\":\"fr-FR\",\"@id\":\"https:\\\/\\\/tejasborja.com\\\/fr\\\/construction-du-plus-grand-hotel-bio-passif-en-bois-despagne\\\/#primaryimage\",\"url\":\"https:\\\/\\\/tejasborja.com\\\/wp-content\\\/uploads\\\/2024\\\/11\\\/Reposo-del-Andayn_Hotel-Biopasivo.jpg\",\"contentUrl\":\"https:\\\/\\\/tejasborja.com\\\/wp-content\\\/uploads\\\/2024\\\/11\\\/Reposo-del-Andayn_Hotel-Biopasivo.jpg\",\"width\":800,\"height\":600},{\"@type\":\"BreadcrumbList\",\"@id\":\"https:\\\/\\\/tejasborja.com\\\/fr\\\/construction-du-plus-grand-hotel-bio-passif-en-bois-despagne\\\/#breadcrumb\",\"itemListElement\":[{\"@type\":\"ListItem\",\"position\":1,\"name\":\"Portada\",\"item\":\"https:\\\/\\\/tejasborja.com\\\/fr\\\/\"},{\"@type\":\"ListItem\",\"position\":2,\"name\":\"Construction du plus grand h\u00f4tel bio-passif en bois d\u2019Espagne\"}]},{\"@type\":\"WebSite\",\"@id\":\"https:\\\/\\\/tejasborja.com\\\/fr\\\/#website\",\"url\":\"https:\\\/\\\/tejasborja.com\\\/fr\\\/\",\"name\":\"Tejas Borja\",\"description\":\"TEJAS BORJA la gama m\u00e1s amplia de tejas cer\u00e1micas del mercado. Especialistas en tejas mixtas, tejas planas y tejas curvas tanto para rehabilitaci\u00f3n de cubiertas como para tejados de obra nueva. Una marca con m\u00e1s de 110 a\u00f1os de experiencia....\",\"publisher\":{\"@id\":\"https:\\\/\\\/tejasborja.com\\\/fr\\\/#organization\"},\"potentialAction\":[{\"@type\":\"SearchAction\",\"target\":{\"@type\":\"EntryPoint\",\"urlTemplate\":\"https:\\\/\\\/tejasborja.com\\\/fr\\\/?s={search_term_string}\"},\"query-input\":{\"@type\":\"PropertyValueSpecification\",\"valueRequired\":true,\"valueName\":\"search_term_string\"}}],\"inLanguage\":\"fr-FR\"},{\"@type\":\"Organization\",\"@id\":\"https:\\\/\\\/tejasborja.com\\\/fr\\\/#organization\",\"name\":\"Tejas Borja\",\"url\":\"https:\\\/\\\/tejasborja.com\\\/fr\\\/\",\"logo\":{\"@type\":\"ImageObject\",\"inLanguage\":\"fr-FR\",\"@id\":\"https:\\\/\\\/tejasborja.com\\\/fr\\\/#\\\/schema\\\/logo\\\/image\\\/\",\"url\":\"https:\\\/\\\/tejasborja.com\\\/wp-content\\\/uploads\\\/2025\\\/08\\\/Logo-Tejas-Borja-Blanco-1.png\",\"contentUrl\":\"https:\\\/\\\/tejasborja.com\\\/wp-content\\\/uploads\\\/2025\\\/08\\\/Logo-Tejas-Borja-Blanco-1.png\",\"width\":150,\"height\":50,\"caption\":\"Tejas Borja\"},\"image\":{\"@id\":\"https:\\\/\\\/tejasborja.com\\\/fr\\\/#\\\/schema\\\/logo\\\/image\\\/\"}},{\"@type\":\"Person\",\"@id\":\"https:\\\/\\\/tejasborja.com\\\/fr\\\/#\\\/schema\\\/person\\\/4367574cae3c1f176ab3e3bd50b230bf\",\"name\":\"Estudio Numerico\",\"image\":{\"@type\":\"ImageObject\",\"inLanguage\":\"fr-FR\",\"@id\":\"https:\\\/\\\/secure.gravatar.com\\\/avatar\\\/6128c3541c8b03c9dd534ced4f6362f216e82a41bb621e9a91616afaefa1968c?s=96&d=mm&r=g\",\"url\":\"https:\\\/\\\/secure.gravatar.com\\\/avatar\\\/6128c3541c8b03c9dd534ced4f6362f216e82a41bb621e9a91616afaefa1968c?s=96&d=mm&r=g\",\"contentUrl\":\"https:\\\/\\\/secure.gravatar.com\\\/avatar\\\/6128c3541c8b03c9dd534ced4f6362f216e82a41bb621e9a91616afaefa1968c?s=96&d=mm&r=g\",\"caption\":\"Estudio Numerico\"}}]}<\/script>\n<!-- \/ Yoast SEO plugin. -->","yoast_head_json":{"title":"Construction du plus grand h\u00f4tel bio-passif en bois d\u2019Espagne - Tejas Borja","robots":{"index":"index","follow":"follow","max-snippet":"max-snippet:-1","max-image-preview":"max-image-preview:large","max-video-preview":"max-video-preview:-1"},"canonical":"https:\/\/tejasborja.com\/fr\/construction-du-plus-grand-hotel-bio-passif-en-bois-despagne\/","og_locale":"fr_FR","og_type":"article","og_title":"Construction du plus grand h\u00f4tel bio-passif en bois d\u2019Espagne - Tejas Borja","og_description":"Le premier b\u00e2timent bio-passif en bois d\u2019Espagne sera situ\u00e9 dans les Asturies et r\u00e9alis\u00e9 par Kuusamo.","og_url":"https:\/\/tejasborja.com\/fr\/construction-du-plus-grand-hotel-bio-passif-en-bois-despagne\/","og_site_name":"Tejas Borja","article_published_time":"2016-11-08T09:23:00+00:00","article_modified_time":"2024-11-28T09:48:07+00:00","og_image":[{"width":800,"height":600,"url":"https:\/\/tejasborja.com\/wp-content\/uploads\/2024\/11\/Reposo-del-Andayn_Hotel-Biopasivo.jpg","type":"image\/jpeg"}],"author":"Estudio Numerico","twitter_card":"summary_large_image","schema":{"@context":"https:\/\/schema.org","@graph":[{"@type":"Article","@id":"https:\/\/tejasborja.com\/fr\/construction-du-plus-grand-hotel-bio-passif-en-bois-despagne\/#article","isPartOf":{"@id":"https:\/\/tejasborja.com\/fr\/construction-du-plus-grand-hotel-bio-passif-en-bois-despagne\/"},"author":{"name":"Estudio Numerico","@id":"https:\/\/tejasborja.com\/fr\/#\/schema\/person\/4367574cae3c1f176ab3e3bd50b230bf"},"headline":"Construction du plus grand h\u00f4tel bio-passif en bois d\u2019Espagne","datePublished":"2016-11-08T09:23:00+00:00","dateModified":"2024-11-28T09:48:07+00:00","mainEntityOfPage":{"@id":"https:\/\/tejasborja.com\/fr\/construction-du-plus-grand-hotel-bio-passif-en-bois-despagne\/"},"wordCount":543,"commentCount":0,"publisher":{"@id":"https:\/\/tejasborja.com\/fr\/#organization"},"image":{"@id":"https:\/\/tejasborja.com\/fr\/construction-du-plus-grand-hotel-bio-passif-en-bois-despagne\/#primaryimage"},"thumbnailUrl":"https:\/\/tejasborja.com\/wp-content\/uploads\/2024\/11\/Reposo-del-Andayn_Hotel-Biopasivo.jpg","articleSection":["Non classifi\u00e9(e)"],"inLanguage":"fr-FR","potentialAction":[{"@type":"CommentAction","name":"Comment","target":["https:\/\/tejasborja.com\/fr\/construction-du-plus-grand-hotel-bio-passif-en-bois-despagne\/#respond"]}]},{"@type":"WebPage","@id":"https:\/\/tejasborja.com\/fr\/construction-du-plus-grand-hotel-bio-passif-en-bois-despagne\/","url":"https:\/\/tejasborja.com\/fr\/construction-du-plus-grand-hotel-bio-passif-en-bois-despagne\/","name":"Construction du plus grand h\u00f4tel bio-passif en bois d\u2019Espagne - Tejas Borja","isPartOf":{"@id":"https:\/\/tejasborja.com\/fr\/#website"},"primaryImageOfPage":{"@id":"https:\/\/tejasborja.com\/fr\/construction-du-plus-grand-hotel-bio-passif-en-bois-despagne\/#primaryimage"},"image":{"@id":"https:\/\/tejasborja.com\/fr\/construction-du-plus-grand-hotel-bio-passif-en-bois-despagne\/#primaryimage"},"thumbnailUrl":"https:\/\/tejasborja.com\/wp-content\/uploads\/2024\/11\/Reposo-del-Andayn_Hotel-Biopasivo.jpg","datePublished":"2016-11-08T09:23:00+00:00","dateModified":"2024-11-28T09:48:07+00:00","breadcrumb":{"@id":"https:\/\/tejasborja.com\/fr\/construction-du-plus-grand-hotel-bio-passif-en-bois-despagne\/#breadcrumb"},"inLanguage":"fr-FR","potentialAction":[{"@type":"ReadAction","target":["https:\/\/tejasborja.com\/fr\/construction-du-plus-grand-hotel-bio-passif-en-bois-despagne\/"]}]},{"@type":"ImageObject","inLanguage":"fr-FR","@id":"https:\/\/tejasborja.com\/fr\/construction-du-plus-grand-hotel-bio-passif-en-bois-despagne\/#primaryimage","url":"https:\/\/tejasborja.com\/wp-content\/uploads\/2024\/11\/Reposo-del-Andayn_Hotel-Biopasivo.jpg","contentUrl":"https:\/\/tejasborja.com\/wp-content\/uploads\/2024\/11\/Reposo-del-Andayn_Hotel-Biopasivo.jpg","width":800,"height":600},{"@type":"BreadcrumbList","@id":"https:\/\/tejasborja.com\/fr\/construction-du-plus-grand-hotel-bio-passif-en-bois-despagne\/#breadcrumb","itemListElement":[{"@type":"ListItem","position":1,"name":"Portada","item":"https:\/\/tejasborja.com\/fr\/"},{"@type":"ListItem","position":2,"name":"Construction du plus grand h\u00f4tel bio-passif en bois d\u2019Espagne"}]},{"@type":"WebSite","@id":"https:\/\/tejasborja.com\/fr\/#website","url":"https:\/\/tejasborja.com\/fr\/","name":"Tejas Borja","description":"TEJAS BORJA la gama m\u00e1s amplia de tejas cer\u00e1micas del mercado. Especialistas en tejas mixtas, tejas planas y tejas curvas tanto para rehabilitaci\u00f3n de cubiertas como para tejados de obra nueva. Una marca con m\u00e1s de 110 a\u00f1os de experiencia....","publisher":{"@id":"https:\/\/tejasborja.com\/fr\/#organization"},"potentialAction":[{"@type":"SearchAction","target":{"@type":"EntryPoint","urlTemplate":"https:\/\/tejasborja.com\/fr\/?s={search_term_string}"},"query-input":{"@type":"PropertyValueSpecification","valueRequired":true,"valueName":"search_term_string"}}],"inLanguage":"fr-FR"},{"@type":"Organization","@id":"https:\/\/tejasborja.com\/fr\/#organization","name":"Tejas Borja","url":"https:\/\/tejasborja.com\/fr\/","logo":{"@type":"ImageObject","inLanguage":"fr-FR","@id":"https:\/\/tejasborja.com\/fr\/#\/schema\/logo\/image\/","url":"https:\/\/tejasborja.com\/wp-content\/uploads\/2025\/08\/Logo-Tejas-Borja-Blanco-1.png","contentUrl":"https:\/\/tejasborja.com\/wp-content\/uploads\/2025\/08\/Logo-Tejas-Borja-Blanco-1.png","width":150,"height":50,"caption":"Tejas Borja"},"image":{"@id":"https:\/\/tejasborja.com\/fr\/#\/schema\/logo\/image\/"}},{"@type":"Person","@id":"https:\/\/tejasborja.com\/fr\/#\/schema\/person\/4367574cae3c1f176ab3e3bd50b230bf","name":"Estudio Numerico","image":{"@type":"ImageObject","inLanguage":"fr-FR","@id":"https:\/\/secure.gravatar.com\/avatar\/6128c3541c8b03c9dd534ced4f6362f216e82a41bb621e9a91616afaefa1968c?s=96&d=mm&r=g","url":"https:\/\/secure.gravatar.com\/avatar\/6128c3541c8b03c9dd534ced4f6362f216e82a41bb621e9a91616afaefa1968c?s=96&d=mm&r=g","contentUrl":"https:\/\/secure.gravatar.com\/avatar\/6128c3541c8b03c9dd534ced4f6362f216e82a41bb621e9a91616afaefa1968c?s=96&d=mm&r=g","caption":"Estudio Numerico"}}]}},"_links":{"self":[{"href":"https:\/\/tejasborja.com\/fr\/wp-json\/wp\/v2\/posts\/44815","targetHints":{"allow":["GET"]}}],"collection":[{"href":"https:\/\/tejasborja.com\/fr\/wp-json\/wp\/v2\/posts"}],"about":[{"href":"https:\/\/tejasborja.com\/fr\/wp-json\/wp\/v2\/types\/post"}],"author":[{"embeddable":true,"href":"https:\/\/tejasborja.com\/fr\/wp-json\/wp\/v2\/users\/4"}],"replies":[{"embeddable":true,"href":"https:\/\/tejasborja.com\/fr\/wp-json\/wp\/v2\/comments?post=44815"}],"version-history":[{"count":0,"href":"https:\/\/tejasborja.com\/fr\/wp-json\/wp\/v2\/posts\/44815\/revisions"}],"wp:featuredmedia":[{"embeddable":true,"href":"https:\/\/tejasborja.com\/fr\/wp-json\/wp\/v2\/media\/46400"}],"wp:attachment":[{"href":"https:\/\/tejasborja.com\/fr\/wp-json\/wp\/v2\/media?parent=44815"}],"wp:term":[{"taxonomy":"category","embeddable":true,"href":"https:\/\/tejasborja.com\/fr\/wp-json\/wp\/v2\/categories?post=44815"},{"taxonomy":"post_tag","embeddable":true,"href":"https:\/\/tejasborja.com\/fr\/wp-json\/wp\/v2\/tags?post=44815"}],"curies":[{"name":"wp","href":"https:\/\/api.w.org\/{rel}","templated":true}]}}