{"id":44834,"date":"2016-06-13T09:49:00","date_gmt":"2016-06-13T07:49:00","guid":{"rendered":"https:\/\/tejasborja.com\/font-arquitectura-condecorada-por-hispalyt-por-su-uso-de-las-tejas\/"},"modified":"2024-11-28T10:53:58","modified_gmt":"2024-11-28T09:53:58","slug":"font-arquitectura-condecorada-por-hispalyt-por-su-uso-de-las-tejas","status":"publish","type":"post","link":"https:\/\/tejasborja.com\/fr\/font-arquitectura-condecorada-por-hispalyt-por-su-uso-de-las-tejas\/","title":{"rendered":"Font Arquitectura, d\u00e9cor\u00e9e par Hispalyt pour son utilisation de tuiles"},"content":{"rendered":"\n<figure class=\"wp-block-image\"><a href=\"https:\/\/tejasborja.com\/wp-content\/uploads\/revslider\/home\/Teja_Flat_Pizarra_Lugo_pq-1024x643.jpg\"><img decoding=\"async\" width=\"1024\" height=\"643\" data-src=\"https:\/\/tejasborja.com\/wp-content\/uploads\/2024\/11\/image-157.jpeg\" alt=\"Teja Flat Pizarra Lugo\" class=\"wp-image-41251 lazyload\" title=\"Teja Flat Pizarra Lugo\" data-srcset=\"https:\/\/tejasborja.com\/wp-content\/uploads\/2024\/11\/image-157.jpeg 1024w, https:\/\/tejasborja.com\/wp-content\/uploads\/2024\/11\/image-157-300x188.jpeg 300w, https:\/\/tejasborja.com\/wp-content\/uploads\/2024\/11\/image-157-768x482.jpeg 768w\" data-sizes=\"(max-width: 1024px) 100vw, 1024px\" src=\"data:image\/svg+xml;base64,PHN2ZyB3aWR0aD0iMSIgaGVpZ2h0PSIxIiB4bWxucz0iaHR0cDovL3d3dy53My5vcmcvMjAwMC9zdmciPjwvc3ZnPg==\" style=\"--smush-placeholder-width: 1024px; --smush-placeholder-aspect-ratio: 1024\/643;\" \/><\/a><\/figure>\n\n\n\n<p><\/p>\n\n\n\n<h4 class=\"wp-block-heading\"><strong>El estudio castellonense, distingu\u00e9 pour l\u2019un de ses derniers projets \u00e0 Burriana<\/strong><\/h4>\n\n\n\n<p>Font Arquitectura e Interiorismo surprend, une fois de plus, avec l\u2019un de ses derniers projets : une maison unifamiliale situ\u00e9e \u00e0 Burriana qui a \u00e9t\u00e9 s\u00e9lectionn\u00e9e par l\u2019Association espagnole des fabricants de produits c\u00e9ramiques (Hispalyt), avec sept autres cr\u00e9ations nationales, pour r\u00e9aliser un livre comm\u00e9moratif des b\u00e2timents pertinents r\u00e9alis\u00e9s en c\u00e9ramique dans les ann\u00e9es 2013, 2014 et 2015.<\/p>\n\n\n\n<p>Le projet commence avec les premi\u00e8res id\u00e9es esth\u00e9tiques propos\u00e9es par la propri\u00e9t\u00e9, o\u00f9 l\u2019objectif est de travailler avec les mat\u00e9riaux traditionnels de la r\u00e9gion, comme la pierre et la tuile. En outre, le terrain est situ\u00e9 dans une zone d\u2019urbanisation r\u00e9cente comme un \u00e9largissement, o\u00f9 son paysage peut \u00eatre consid\u00e9r\u00e9 comme la norme dans les espaces urbains qui ont \u00e9t\u00e9 cr\u00e9\u00e9s dans les derni\u00e8res ann\u00e9es d\u2019expansion \u00e9conomique en Espagne.<\/p>\n\n\n\n<p>Avec ces bases et avec les dimensions de la parcelle qui le permettaient, Font Arquitectura a consid\u00e9r\u00e9 fondamental \u00ab&nbsp;de cr\u00e9er son propre paysage \u00e0 l\u2019int\u00e9rieur de la parcelle, en cherchant que les mat\u00e9riaux pr\u00e9\u00e9tablis aient leur place dans l\u2019architecture pour leur donner le sens qu\u2019ils leur ont transmis&nbsp;\u00bb. Ainsi, le b\u00e2timent se rapproche de son chemin d\u2019acc\u00e8s et cr\u00e9e un espace vert et ouvert \u00e0 l\u2019int\u00e9rieur, auquel on acc\u00e8de par quatre murs perpendiculaires au chemin d\u2019acc\u00e8s en pierre naturelle plac\u00e9 en sec, qui s\u00e9parent le programme du logement de mani\u00e8re claire et logique, et qui fusionnent les espaces int\u00e9rieurs avec les ext\u00e9rieurs.<\/p>\n\n\n\n<p>APPEL VISUEL<br>La maison est distribu\u00e9e de fa\u00e7on isol\u00e9e sur la parcelle au rez-de-chauss\u00e9e pour l\u2019espace jour et s\u2019\u00e9l\u00e8ve d\u2019une hauteur permettant d\u2019accueillir la chambre principale et l\u2019espace bureau. \u00ab&nbsp;L\u2019attraction architecturale la plus remarquable r\u00e9side dans sa disposition en tant que prolongement de l\u2019espace ext\u00e9rieur, avec un grand contraste entre les lignes horizontales des toits et les lignes verticales des murs&nbsp;\u00bb, souligne Font Arquitectura et Interiorismo. De plus, les plans des toits inclin\u00e9s reposent sur les murs et provoquent un jeu de combinaisons entre le b\u00e9ton, la pierre des murs puissants et les larges toiles de verre qui coexistent avec la lumi\u00e8re naturelle.<\/p>\n\n\n\n<p>Les plans inclin\u00e9s sont plac\u00e9s en trois dispositions afin d\u2019accompagner le visiteur dans le parcours entre les diff\u00e9rents espaces. \u00ab&nbsp;Cette habitation commence par un formidable plan inclin\u00e9 qui enferme un espace \u00e0 double hauteur comme acc\u00e8s. De l\u00e0, le mouvement des toits nous am\u00e8ne aux diff\u00e9rentes pi\u00e8ces int\u00e9rieures qui coexistent avec les espaces paysagers&nbsp;\u00bb, d\u00e9clare Pablo Font. Ceci est rendu possible gr\u00e2ce aux toiles de fond en tissu de verre et \u00e0 une grande feuille d\u2019eau comme perspective de fond qui est plac\u00e9e \u00e0 la fin de la visite et qui invite le visiteur \u00e0 profiter du grand jardin.<br>Fontaine Le Journal M\u00e9diterran\u00e9en<\/p>\n\n\n\n<p>Voir le projet :&nbsp;<a href=\"https:\/\/tejasborja.com\/proyecto\/vivienda-de-teja-y-piedra-espana\/?tipo=&amp;categoria=&amp;teja=&amp;acabado=&amp;pais=\" target=\"_blank\" rel=\"noreferrer noopener\">Carrelage et pierre de construction<\/a><\/p>\n","protected":false},"excerpt":{"rendered":"<p>El estudio castellonense, distingu\u00e9 pour l\u2019un de ses derniers projets \u00e0 Burriana. <\/p>\n","protected":false},"author":4,"featured_media":41255,"comment_status":"open","ping_status":"closed","sticky":false,"template":"","format":"standard","meta":{"_acf_changed":false,"_eb_attr":"","footnotes":""},"categories":[536],"tags":[690,704,959,1064],"class_list":["post-44834","post","type-post","status-publish","format-standard","has-post-thumbnail","hentry","category-actualite","tag-cubiertas-inclinadas-fr","tag-hispalyt-fr","tag-teja-plana-fr","tag-raisetheroof-fr"],"acf":[],"yoast_head":"<!-- This site is optimized with the Yoast SEO plugin v27.3 - https:\/\/yoast.com\/product\/yoast-seo-wordpress\/ -->\n<title>Font Arquitectura, d\u00e9cor\u00e9e par Hispalyt pour son utilisation de tuiles - Tejas Borja<\/title>\n<meta name=\"robots\" content=\"index, follow, max-snippet:-1, max-image-preview:large, max-video-preview:-1\" \/>\n<link rel=\"canonical\" href=\"https:\/\/tejasborja.com\/fr\/font-arquitectura-condecorada-por-hispalyt-por-su-uso-de-las-tejas\/\" \/>\n<meta property=\"og:locale\" content=\"fr_FR\" \/>\n<meta property=\"og:type\" content=\"article\" \/>\n<meta property=\"og:title\" content=\"Font Arquitectura, d\u00e9cor\u00e9e par Hispalyt pour son utilisation de tuiles - Tejas Borja\" \/>\n<meta property=\"og:description\" content=\"El estudio castellonense, distingu\u00e9 pour l\u2019un de ses derniers projets \u00e0 Burriana.\" \/>\n<meta property=\"og:url\" content=\"https:\/\/tejasborja.com\/fr\/font-arquitectura-condecorada-por-hispalyt-por-su-uso-de-las-tejas\/\" \/>\n<meta property=\"og:site_name\" content=\"Tejas Borja\" \/>\n<meta property=\"article:published_time\" content=\"2016-06-13T07:49:00+00:00\" \/>\n<meta property=\"article:modified_time\" content=\"2024-11-28T09:53:58+00:00\" \/>\n<meta property=\"og:image\" content=\"https:\/\/tejasborja.com\/wp-content\/uploads\/2024\/11\/image-157.jpeg\" \/>\n\t<meta property=\"og:image:width\" content=\"1024\" \/>\n\t<meta property=\"og:image:height\" content=\"643\" \/>\n\t<meta property=\"og:image:type\" content=\"image\/jpeg\" \/>\n<meta name=\"author\" content=\"Estudio Numerico\" \/>\n<meta name=\"twitter:card\" content=\"summary_large_image\" \/>\n<script type=\"application\/ld+json\" class=\"yoast-schema-graph\">{\"@context\":\"https:\\\/\\\/schema.org\",\"@graph\":[{\"@type\":\"Article\",\"@id\":\"https:\\\/\\\/tejasborja.com\\\/fr\\\/font-arquitectura-condecorada-por-hispalyt-por-su-uso-de-las-tejas\\\/#article\",\"isPartOf\":{\"@id\":\"https:\\\/\\\/tejasborja.com\\\/fr\\\/font-arquitectura-condecorada-por-hispalyt-por-su-uso-de-las-tejas\\\/\"},\"author\":{\"name\":\"Estudio Numerico\",\"@id\":\"https:\\\/\\\/tejasborja.com\\\/fr\\\/#\\\/schema\\\/person\\\/4367574cae3c1f176ab3e3bd50b230bf\"},\"headline\":\"Font Arquitectura, d\u00e9cor\u00e9e par Hispalyt pour son utilisation de tuiles\",\"datePublished\":\"2016-06-13T07:49:00+00:00\",\"dateModified\":\"2024-11-28T09:53:58+00:00\",\"mainEntityOfPage\":{\"@id\":\"https:\\\/\\\/tejasborja.com\\\/fr\\\/font-arquitectura-condecorada-por-hispalyt-por-su-uso-de-las-tejas\\\/\"},\"wordCount\":544,\"commentCount\":0,\"publisher\":{\"@id\":\"https:\\\/\\\/tejasborja.com\\\/fr\\\/#organization\"},\"image\":{\"@id\":\"https:\\\/\\\/tejasborja.com\\\/fr\\\/font-arquitectura-condecorada-por-hispalyt-por-su-uso-de-las-tejas\\\/#primaryimage\"},\"thumbnailUrl\":\"https:\\\/\\\/tejasborja.com\\\/wp-content\\\/uploads\\\/2024\\\/11\\\/image-157.jpeg\",\"keywords\":[\"Cubiertas inclinadas\",\"Hispalyt\",\"teja plana\",\"RAISEtheRoof\"],\"articleSection\":[\"Actualit\u00e9\"],\"inLanguage\":\"fr-FR\",\"potentialAction\":[{\"@type\":\"CommentAction\",\"name\":\"Comment\",\"target\":[\"https:\\\/\\\/tejasborja.com\\\/fr\\\/font-arquitectura-condecorada-por-hispalyt-por-su-uso-de-las-tejas\\\/#respond\"]}]},{\"@type\":\"WebPage\",\"@id\":\"https:\\\/\\\/tejasborja.com\\\/fr\\\/font-arquitectura-condecorada-por-hispalyt-por-su-uso-de-las-tejas\\\/\",\"url\":\"https:\\\/\\\/tejasborja.com\\\/fr\\\/font-arquitectura-condecorada-por-hispalyt-por-su-uso-de-las-tejas\\\/\",\"name\":\"Font Arquitectura, d\u00e9cor\u00e9e par Hispalyt pour son utilisation de tuiles - Tejas Borja\",\"isPartOf\":{\"@id\":\"https:\\\/\\\/tejasborja.com\\\/fr\\\/#website\"},\"primaryImageOfPage\":{\"@id\":\"https:\\\/\\\/tejasborja.com\\\/fr\\\/font-arquitectura-condecorada-por-hispalyt-por-su-uso-de-las-tejas\\\/#primaryimage\"},\"image\":{\"@id\":\"https:\\\/\\\/tejasborja.com\\\/fr\\\/font-arquitectura-condecorada-por-hispalyt-por-su-uso-de-las-tejas\\\/#primaryimage\"},\"thumbnailUrl\":\"https:\\\/\\\/tejasborja.com\\\/wp-content\\\/uploads\\\/2024\\\/11\\\/image-157.jpeg\",\"datePublished\":\"2016-06-13T07:49:00+00:00\",\"dateModified\":\"2024-11-28T09:53:58+00:00\",\"breadcrumb\":{\"@id\":\"https:\\\/\\\/tejasborja.com\\\/fr\\\/font-arquitectura-condecorada-por-hispalyt-por-su-uso-de-las-tejas\\\/#breadcrumb\"},\"inLanguage\":\"fr-FR\",\"potentialAction\":[{\"@type\":\"ReadAction\",\"target\":[\"https:\\\/\\\/tejasborja.com\\\/fr\\\/font-arquitectura-condecorada-por-hispalyt-por-su-uso-de-las-tejas\\\/\"]}]},{\"@type\":\"ImageObject\",\"inLanguage\":\"fr-FR\",\"@id\":\"https:\\\/\\\/tejasborja.com\\\/fr\\\/font-arquitectura-condecorada-por-hispalyt-por-su-uso-de-las-tejas\\\/#primaryimage\",\"url\":\"https:\\\/\\\/tejasborja.com\\\/wp-content\\\/uploads\\\/2024\\\/11\\\/image-157.jpeg\",\"contentUrl\":\"https:\\\/\\\/tejasborja.com\\\/wp-content\\\/uploads\\\/2024\\\/11\\\/image-157.jpeg\",\"width\":1024,\"height\":643},{\"@type\":\"BreadcrumbList\",\"@id\":\"https:\\\/\\\/tejasborja.com\\\/fr\\\/font-arquitectura-condecorada-por-hispalyt-por-su-uso-de-las-tejas\\\/#breadcrumb\",\"itemListElement\":[{\"@type\":\"ListItem\",\"position\":1,\"name\":\"Portada\",\"item\":\"https:\\\/\\\/tejasborja.com\\\/fr\\\/\"},{\"@type\":\"ListItem\",\"position\":2,\"name\":\"Font Arquitectura, d\u00e9cor\u00e9e par Hispalyt pour son utilisation de tuiles\"}]},{\"@type\":\"WebSite\",\"@id\":\"https:\\\/\\\/tejasborja.com\\\/fr\\\/#website\",\"url\":\"https:\\\/\\\/tejasborja.com\\\/fr\\\/\",\"name\":\"Tejas Borja\",\"description\":\"TEJAS BORJA la gama m\u00e1s amplia de tejas cer\u00e1micas del mercado. Especialistas en tejas mixtas, tejas planas y tejas curvas tanto para rehabilitaci\u00f3n de cubiertas como para tejados de obra nueva. Una marca con m\u00e1s de 110 a\u00f1os de experiencia....\",\"publisher\":{\"@id\":\"https:\\\/\\\/tejasborja.com\\\/fr\\\/#organization\"},\"potentialAction\":[{\"@type\":\"SearchAction\",\"target\":{\"@type\":\"EntryPoint\",\"urlTemplate\":\"https:\\\/\\\/tejasborja.com\\\/fr\\\/?s={search_term_string}\"},\"query-input\":{\"@type\":\"PropertyValueSpecification\",\"valueRequired\":true,\"valueName\":\"search_term_string\"}}],\"inLanguage\":\"fr-FR\"},{\"@type\":\"Organization\",\"@id\":\"https:\\\/\\\/tejasborja.com\\\/fr\\\/#organization\",\"name\":\"Tejas Borja\",\"url\":\"https:\\\/\\\/tejasborja.com\\\/fr\\\/\",\"logo\":{\"@type\":\"ImageObject\",\"inLanguage\":\"fr-FR\",\"@id\":\"https:\\\/\\\/tejasborja.com\\\/fr\\\/#\\\/schema\\\/logo\\\/image\\\/\",\"url\":\"https:\\\/\\\/tejasborja.com\\\/wp-content\\\/uploads\\\/2025\\\/08\\\/Logo-Tejas-Borja-Blanco-1.png\",\"contentUrl\":\"https:\\\/\\\/tejasborja.com\\\/wp-content\\\/uploads\\\/2025\\\/08\\\/Logo-Tejas-Borja-Blanco-1.png\",\"width\":150,\"height\":50,\"caption\":\"Tejas Borja\"},\"image\":{\"@id\":\"https:\\\/\\\/tejasborja.com\\\/fr\\\/#\\\/schema\\\/logo\\\/image\\\/\"}},{\"@type\":\"Person\",\"@id\":\"https:\\\/\\\/tejasborja.com\\\/fr\\\/#\\\/schema\\\/person\\\/4367574cae3c1f176ab3e3bd50b230bf\",\"name\":\"Estudio Numerico\",\"image\":{\"@type\":\"ImageObject\",\"inLanguage\":\"fr-FR\",\"@id\":\"https:\\\/\\\/secure.gravatar.com\\\/avatar\\\/6128c3541c8b03c9dd534ced4f6362f216e82a41bb621e9a91616afaefa1968c?s=96&d=mm&r=g\",\"url\":\"https:\\\/\\\/secure.gravatar.com\\\/avatar\\\/6128c3541c8b03c9dd534ced4f6362f216e82a41bb621e9a91616afaefa1968c?s=96&d=mm&r=g\",\"contentUrl\":\"https:\\\/\\\/secure.gravatar.com\\\/avatar\\\/6128c3541c8b03c9dd534ced4f6362f216e82a41bb621e9a91616afaefa1968c?s=96&d=mm&r=g\",\"caption\":\"Estudio Numerico\"}}]}<\/script>\n<!-- \/ Yoast SEO plugin. -->","yoast_head_json":{"title":"Font Arquitectura, d\u00e9cor\u00e9e par Hispalyt pour son utilisation de tuiles - Tejas Borja","robots":{"index":"index","follow":"follow","max-snippet":"max-snippet:-1","max-image-preview":"max-image-preview:large","max-video-preview":"max-video-preview:-1"},"canonical":"https:\/\/tejasborja.com\/fr\/font-arquitectura-condecorada-por-hispalyt-por-su-uso-de-las-tejas\/","og_locale":"fr_FR","og_type":"article","og_title":"Font Arquitectura, d\u00e9cor\u00e9e par Hispalyt pour son utilisation de tuiles - Tejas Borja","og_description":"El estudio castellonense, distingu\u00e9 pour l\u2019un de ses derniers projets \u00e0 Burriana.","og_url":"https:\/\/tejasborja.com\/fr\/font-arquitectura-condecorada-por-hispalyt-por-su-uso-de-las-tejas\/","og_site_name":"Tejas Borja","article_published_time":"2016-06-13T07:49:00+00:00","article_modified_time":"2024-11-28T09:53:58+00:00","og_image":[{"width":1024,"height":643,"url":"https:\/\/tejasborja.com\/wp-content\/uploads\/2024\/11\/image-157.jpeg","type":"image\/jpeg"}],"author":"Estudio Numerico","twitter_card":"summary_large_image","schema":{"@context":"https:\/\/schema.org","@graph":[{"@type":"Article","@id":"https:\/\/tejasborja.com\/fr\/font-arquitectura-condecorada-por-hispalyt-por-su-uso-de-las-tejas\/#article","isPartOf":{"@id":"https:\/\/tejasborja.com\/fr\/font-arquitectura-condecorada-por-hispalyt-por-su-uso-de-las-tejas\/"},"author":{"name":"Estudio Numerico","@id":"https:\/\/tejasborja.com\/fr\/#\/schema\/person\/4367574cae3c1f176ab3e3bd50b230bf"},"headline":"Font Arquitectura, d\u00e9cor\u00e9e par Hispalyt pour son utilisation de tuiles","datePublished":"2016-06-13T07:49:00+00:00","dateModified":"2024-11-28T09:53:58+00:00","mainEntityOfPage":{"@id":"https:\/\/tejasborja.com\/fr\/font-arquitectura-condecorada-por-hispalyt-por-su-uso-de-las-tejas\/"},"wordCount":544,"commentCount":0,"publisher":{"@id":"https:\/\/tejasborja.com\/fr\/#organization"},"image":{"@id":"https:\/\/tejasborja.com\/fr\/font-arquitectura-condecorada-por-hispalyt-por-su-uso-de-las-tejas\/#primaryimage"},"thumbnailUrl":"https:\/\/tejasborja.com\/wp-content\/uploads\/2024\/11\/image-157.jpeg","keywords":["Cubiertas inclinadas","Hispalyt","teja plana","RAISEtheRoof"],"articleSection":["Actualit\u00e9"],"inLanguage":"fr-FR","potentialAction":[{"@type":"CommentAction","name":"Comment","target":["https:\/\/tejasborja.com\/fr\/font-arquitectura-condecorada-por-hispalyt-por-su-uso-de-las-tejas\/#respond"]}]},{"@type":"WebPage","@id":"https:\/\/tejasborja.com\/fr\/font-arquitectura-condecorada-por-hispalyt-por-su-uso-de-las-tejas\/","url":"https:\/\/tejasborja.com\/fr\/font-arquitectura-condecorada-por-hispalyt-por-su-uso-de-las-tejas\/","name":"Font Arquitectura, d\u00e9cor\u00e9e par Hispalyt pour son utilisation de tuiles - Tejas Borja","isPartOf":{"@id":"https:\/\/tejasborja.com\/fr\/#website"},"primaryImageOfPage":{"@id":"https:\/\/tejasborja.com\/fr\/font-arquitectura-condecorada-por-hispalyt-por-su-uso-de-las-tejas\/#primaryimage"},"image":{"@id":"https:\/\/tejasborja.com\/fr\/font-arquitectura-condecorada-por-hispalyt-por-su-uso-de-las-tejas\/#primaryimage"},"thumbnailUrl":"https:\/\/tejasborja.com\/wp-content\/uploads\/2024\/11\/image-157.jpeg","datePublished":"2016-06-13T07:49:00+00:00","dateModified":"2024-11-28T09:53:58+00:00","breadcrumb":{"@id":"https:\/\/tejasborja.com\/fr\/font-arquitectura-condecorada-por-hispalyt-por-su-uso-de-las-tejas\/#breadcrumb"},"inLanguage":"fr-FR","potentialAction":[{"@type":"ReadAction","target":["https:\/\/tejasborja.com\/fr\/font-arquitectura-condecorada-por-hispalyt-por-su-uso-de-las-tejas\/"]}]},{"@type":"ImageObject","inLanguage":"fr-FR","@id":"https:\/\/tejasborja.com\/fr\/font-arquitectura-condecorada-por-hispalyt-por-su-uso-de-las-tejas\/#primaryimage","url":"https:\/\/tejasborja.com\/wp-content\/uploads\/2024\/11\/image-157.jpeg","contentUrl":"https:\/\/tejasborja.com\/wp-content\/uploads\/2024\/11\/image-157.jpeg","width":1024,"height":643},{"@type":"BreadcrumbList","@id":"https:\/\/tejasborja.com\/fr\/font-arquitectura-condecorada-por-hispalyt-por-su-uso-de-las-tejas\/#breadcrumb","itemListElement":[{"@type":"ListItem","position":1,"name":"Portada","item":"https:\/\/tejasborja.com\/fr\/"},{"@type":"ListItem","position":2,"name":"Font Arquitectura, d\u00e9cor\u00e9e par Hispalyt pour son utilisation de tuiles"}]},{"@type":"WebSite","@id":"https:\/\/tejasborja.com\/fr\/#website","url":"https:\/\/tejasborja.com\/fr\/","name":"Tejas Borja","description":"TEJAS BORJA la gama m\u00e1s amplia de tejas cer\u00e1micas del mercado. Especialistas en tejas mixtas, tejas planas y tejas curvas tanto para rehabilitaci\u00f3n de cubiertas como para tejados de obra nueva. Una marca con m\u00e1s de 110 a\u00f1os de experiencia....","publisher":{"@id":"https:\/\/tejasborja.com\/fr\/#organization"},"potentialAction":[{"@type":"SearchAction","target":{"@type":"EntryPoint","urlTemplate":"https:\/\/tejasborja.com\/fr\/?s={search_term_string}"},"query-input":{"@type":"PropertyValueSpecification","valueRequired":true,"valueName":"search_term_string"}}],"inLanguage":"fr-FR"},{"@type":"Organization","@id":"https:\/\/tejasborja.com\/fr\/#organization","name":"Tejas Borja","url":"https:\/\/tejasborja.com\/fr\/","logo":{"@type":"ImageObject","inLanguage":"fr-FR","@id":"https:\/\/tejasborja.com\/fr\/#\/schema\/logo\/image\/","url":"https:\/\/tejasborja.com\/wp-content\/uploads\/2025\/08\/Logo-Tejas-Borja-Blanco-1.png","contentUrl":"https:\/\/tejasborja.com\/wp-content\/uploads\/2025\/08\/Logo-Tejas-Borja-Blanco-1.png","width":150,"height":50,"caption":"Tejas Borja"},"image":{"@id":"https:\/\/tejasborja.com\/fr\/#\/schema\/logo\/image\/"}},{"@type":"Person","@id":"https:\/\/tejasborja.com\/fr\/#\/schema\/person\/4367574cae3c1f176ab3e3bd50b230bf","name":"Estudio Numerico","image":{"@type":"ImageObject","inLanguage":"fr-FR","@id":"https:\/\/secure.gravatar.com\/avatar\/6128c3541c8b03c9dd534ced4f6362f216e82a41bb621e9a91616afaefa1968c?s=96&d=mm&r=g","url":"https:\/\/secure.gravatar.com\/avatar\/6128c3541c8b03c9dd534ced4f6362f216e82a41bb621e9a91616afaefa1968c?s=96&d=mm&r=g","contentUrl":"https:\/\/secure.gravatar.com\/avatar\/6128c3541c8b03c9dd534ced4f6362f216e82a41bb621e9a91616afaefa1968c?s=96&d=mm&r=g","caption":"Estudio Numerico"}}]}},"_links":{"self":[{"href":"https:\/\/tejasborja.com\/fr\/wp-json\/wp\/v2\/posts\/44834","targetHints":{"allow":["GET"]}}],"collection":[{"href":"https:\/\/tejasborja.com\/fr\/wp-json\/wp\/v2\/posts"}],"about":[{"href":"https:\/\/tejasborja.com\/fr\/wp-json\/wp\/v2\/types\/post"}],"author":[{"embeddable":true,"href":"https:\/\/tejasborja.com\/fr\/wp-json\/wp\/v2\/users\/4"}],"replies":[{"embeddable":true,"href":"https:\/\/tejasborja.com\/fr\/wp-json\/wp\/v2\/comments?post=44834"}],"version-history":[{"count":0,"href":"https:\/\/tejasborja.com\/fr\/wp-json\/wp\/v2\/posts\/44834\/revisions"}],"wp:featuredmedia":[{"embeddable":true,"href":"https:\/\/tejasborja.com\/fr\/wp-json\/wp\/v2\/media\/41255"}],"wp:attachment":[{"href":"https:\/\/tejasborja.com\/fr\/wp-json\/wp\/v2\/media?parent=44834"}],"wp:term":[{"taxonomy":"category","embeddable":true,"href":"https:\/\/tejasborja.com\/fr\/wp-json\/wp\/v2\/categories?post=44834"},{"taxonomy":"post_tag","embeddable":true,"href":"https:\/\/tejasborja.com\/fr\/wp-json\/wp\/v2\/tags?post=44834"}],"curies":[{"name":"wp","href":"https:\/\/api.w.org\/{rel}","templated":true}]}}